{"id":9317,"date":"2015-05-28T10:00:00","date_gmt":"2015-05-28T10:00:00","guid":{"rendered":"http:\/\/liquid-news.de\/?p=9317"},"modified":"2022-08-12T15:33:01","modified_gmt":"2022-08-12T15:33:01","slug":"weltnichtrauchertag-wird-opfer-deutscher-politik","status":"publish","type":"post","link":"https:\/\/liquid-news.com\/e-zigaretten\/weltnichtrauchertag-wird-opfer-deutscher-politik\/","title":{"rendered":"Weltnichtrauchertag wird Opfer deutscher Politik"},"content":{"rendered":"<p><img loading=\"lazy\" decoding=\"async\" class=\"aligncenter wp-image-9328 size-full\" src=\"https:\/\/liquid-news.com\/e-zigaretten\/wp-content\/uploads\/2015\/05\/weltnichtrauchtag-wird-opfer-deutscher-politik.jpg\" alt=\"Weltnichtrauchertag wird Opfer deutscher Politik\" width=\"424\" height=\"283\" srcset=\"https:\/\/liquid-news.com\/e-zigaretten\/wp-content\/uploads\/2015\/05\/weltnichtrauchtag-wird-opfer-deutscher-politik.jpg 424w, https:\/\/liquid-news.com\/e-zigaretten\/wp-content\/uploads\/2015\/05\/weltnichtrauchtag-wird-opfer-deutscher-politik-10x7.jpg 10w, https:\/\/liquid-news.com\/e-zigaretten\/wp-content\/uploads\/2015\/05\/weltnichtrauchtag-wird-opfer-deutscher-politik-300x200.jpg 300w\" sizes=\"auto, (max-width: 424px) 100vw, 424px\" \/><\/p>\n<h2>Der Weltnichtrauchertag und die deutsche Gesundheitspolitik<\/h2>\n<p>Die Deutsche Krebshilfe e.V. und das Aktionsb\u00fcndnis Nichtraucher, dem auch das DKFZ angeh\u00f6rt, nutzen den diesj\u00e4hrigen internationalen Weltnichtrauchertag, um ihr eigenes Anti-Dampf-S\u00fcppchen zu kochen.<\/p><div class=\"ln-132-firstparagraph ln-entity-placement\" id=\"ln-2887152441\"><div id=\"ln-1902730710\"><a href=\"https:\/\/a.check24.net\/misc\/click.php?pid=120053&amp;amp;aid=18&amp;amp;deep=gasanbieter-wechseln&amp;amp;cat=3\" target=\"_blank\" rel=\"nofollow sponsered\"><img loading=\"lazy\" decoding=\"async\" class=\"aligncenter wp-image-6537 size-full\" src=\"https:\/\/liquid-news.com\/wp-content\/uploads\/2024\/04\/Check24Gas.jpg\" alt=\"\" width=\"300\" height=\"250\" \/><\/a><\/div><\/div>\n<p>In Deutschland sind die Deutsche Krebshilfe e.V. und das Aktionsb\u00fcndnis Nichtraucher daf\u00fcr verantwortlich, das international ausgerichtete Weltnichtrauchertag-Thema der WHO f\u00fcr ein deutsches Publikum aufzuarbeiten.<\/p>\n<h3>Dies haben sie seit 1993 getan \u2013 bis zu diesem Jahr.<\/h3>\n<p>2015 hat die (zweifellos in vielen Hinsichten anfechtbare) WHO den 31.Mai der Bek\u00e4mpfung des Tabakschwarzhandels gewidmet (<a href=\"https:\/\/liquid-news.com\/e-zigaretten\/macht-den-schwarzhandel-zum-motto-des-weltnichtrauchertags-2015\/\" target=\"_blank\" rel=\"noopener noreferrer\">WHO macht den \u201cSchwarzhandel\u201d zum Motto des Weltnichtrauchertags 2015<\/a>).<\/p>\n<p>Dieser finanziert organisierte Kriminalit\u00e4t und Korruption vor allem in Entwicklungs- und Schwellenl\u00e4ndern und ist eine menschenrechtliche Schweinerei, die j\u00e4hrlich Tausende Tote fordert, in L\u00e4ndern der 1. Welt aber h\u00e4ufig v\u00f6llig ignoriert wird. Dar\u00fcber hinaus fallen vor allem Kinder und Jugendliche illegal gehandeltem und deshalb billigem Tabak zum Opfer, in dem h\u00e4ufig besonders hohe Mengen Cadmium, Blei, Arsen, Teer, Nikotin und Kohlenmonoxid sowie toxische Streckmittel gefunden werden.<\/p>\n<div id=\"attachment_9320\" style=\"width: 295px\" class=\"wp-caption aligncenter\"><a href=\"https:\/\/liquid-news.com\/e-zigaretten\/wp-content\/uploads\/2015\/05\/WHO-Plakat.jpg\"><img loading=\"lazy\" decoding=\"async\" aria-describedby=\"caption-attachment-9320\" class=\"wp-image-9320 size-full\" src=\"https:\/\/liquid-news.com\/e-zigaretten\/wp-content\/uploads\/2015\/05\/WHO-Plakat.jpg\" alt=\"Weltnichtrauchertag\" width=\"285\" height=\"369\" srcset=\"https:\/\/liquid-news.com\/e-zigaretten\/wp-content\/uploads\/2015\/05\/WHO-Plakat.jpg 285w, https:\/\/liquid-news.com\/e-zigaretten\/wp-content\/uploads\/2015\/05\/WHO-Plakat-10x13.jpg 10w, https:\/\/liquid-news.com\/e-zigaretten\/wp-content\/uploads\/2015\/05\/WHO-Plakat-232x300.jpg 232w\" sizes=\"auto, (max-width: 285px) 100vw, 285px\" \/><\/a><p id=\"caption-attachment-9320\" class=\"wp-caption-text\">Offizielles WHO-Plakat 2015<\/p><\/div>\n<h3>Ist Dampfen wirklich gef\u00e4hrlicher als der t\u00f6dliche Tabakschwarzhandel?<\/h3>\n<p>Doch statt am 31. Mai 2015 auf die Gefahren illegal gehandelter <a href=\"https:\/\/liquid-news.com\/e-zigaretten\/zigarette\/\">Tabakzigaretten<\/a> hinzuweisen und damit ihrem Aufkl\u00e4rungsauftrag nachzukommen, nutzen das Aktionsb\u00fcndnis Nichtraucher und die Deutsche Krebshilfe dieses Sprungbrett, um sich zum Handlanger der bundespolitischen Gesundheitspolitik zu machen.<\/p>\n<p>Mit dem Claim <strong>&#8222;E-Zigaretten und E-Shishas \u2013 Chemie f\u00fcr die Lunge&#8220;<\/strong> suggerieren sie eine grunds\u00e4tzliche Gesundheitsgef\u00e4hrdung durch das Dampfen, ironischerweise unter Verwendung eines Tabakzigaretten-Piktogramms, dem ein Blitz zur Seite gestellt wird \u2013 welcher anscheinend die konstante Neigung jeder Dampfe symbolisieren soll, im Gesicht des Nutzers zu explodieren.<\/p>\n<p><a href=\"https:\/\/liquid-news.com\/e-zigaretten\/wp-content\/uploads\/2015\/05\/Weltnichtrauchertag.jpg\"><img loading=\"lazy\" decoding=\"async\" class=\"aligncenter size-full wp-image-9321\" src=\"https:\/\/liquid-news.com\/e-zigaretten\/wp-content\/uploads\/2015\/05\/Weltnichtrauchertag.jpg\" alt=\"E-Zigaretten und E-Shishas Chemie f\u00fcr die Lunge\" width=\"237\" height=\"330\" srcset=\"https:\/\/liquid-news.com\/e-zigaretten\/wp-content\/uploads\/2015\/05\/Weltnichtrauchertag.jpg 237w, https:\/\/liquid-news.com\/e-zigaretten\/wp-content\/uploads\/2015\/05\/Weltnichtrauchertag-10x14.jpg 10w, https:\/\/liquid-news.com\/e-zigaretten\/wp-content\/uploads\/2015\/05\/Weltnichtrauchertag-215x300.jpg 215w\" sizes=\"auto, (max-width: 237px) 100vw, 237px\" \/><\/a><\/p>\n<p>Diese Aneignung eines Tages, der eigentlich auf die vielen schwerwiegenden Probleme des Tabakhandels und Konsums hinweisen sollte, ist unverantwortlich. Ebenso fragw\u00fcrdig sind zugrundeliegenden Argumente sowie die nachfolgenden Forderungen nach Gleichsetzung der Dampfe (vormals: E-Zigarette) mit der Tabakzigarette und ihre konsequente Besteuerung.<\/p>\n<p>Wir haben einen offenen Brief an die beiden Initiativen verfasst, in dem wir diese Praxis kritisieren.<\/p>\n<p>Ihr findet diesen Brief als PDF Download (<a href=\"https:\/\/liquid-news.com\/e-zigaretten\/wp-content\/uploads\/2015\/05\/Offener-Brief-zum-Weltnichtrauchertag-.pdf\">Offener Brief Weltnichtrauchertag<\/a>) und unten. Bitte nehmt Euch ein paar Minuten Zeit und versendet ihn mit dem Text innerhalb der Mail an die folgenden drei Mailadressen:<\/p>\n<p>Aktionsb\u00fcndnis Nichtrauchen e.V. (ABNR)<br \/>\njesinghaus@abnr.de<br \/>\npruemel-philippsen@abnr.de<br \/>\nbethke@abnr.de<\/p>\n<p>Weitere Aktionsvorschl\u00e4ge und Protestm\u00f6glichkeiten findet Ihr unter:<br \/>\n<a href=\"https:\/\/www.dampfer-magazin.de\/%ef%bb%bfabgerutscht-weltnichtrauchertag-2015\/\">Dampfer-Magazin: Abgerutscht! Weltnichtrauchertag 2015<\/a><br \/>\nGerne k\u00f6nnt Ihr auch einen kurzen Kommentar hinterlassen, damit wie einen \u00dcberblick \u00fcber die Beteiligungsquote haben.<\/p>\n<hr \/>\n<h2>Offener Brief zum Weltnichtrauchertag<\/h2>\n<p>Sehr geehrte Deutsche Krebshilfe e.V. und Aktionsb\u00fcndnis Nichtraucher,<\/p>\n<p>am 31. Mai 2015 findet der Weltnichtrauchertag statt, den Ihre Organisationen seit 20 Jahren national umsetzen.<\/p>\n<p>Der Weltnichtrauchertag wurde von der WHO geschaffen, um auf den weltweiten Tabakkonsum und die durch diesen verursachten Todes- und Krankheitsf\u00e4lle aufmerksam zu machen, den Tabakgebrauch einzud\u00e4mmen und heutige und zuk\u00fcnftige Generationen vor den Sch\u00e4den des Tabakkonsums zu bewahren.<\/p>\n<p>Bisher haben Ihre Organisationen das internationale Motto der WHO j\u00e4hrlich auf die deutschen Verh\u00e4ltnisse angepasst. Damit kamen Sie Ihrem Ziel nach, &#8222;Ma\u00dfnahmen zur Eind\u00e4mmung der Gesundheitsgefahren durch das Rauchen und Passivrauchen auf politischer Ebene anzuregen, zu f\u00f6rdern und zu begleiten.&#8220;<\/p>\n<p>In diesem Jahr lautet das offizielle Motto der WHO f\u00fcr den Weltnichtrauchertag 2015 &#8222;Keine Chance dem Tabakschmuggel!&#8220;. Dies ist ein dringendes Anliegen, dessen Zusammenh\u00e4nge in Deutschland \u00f6ffentlich noch unzureichend wahrgenommen und diskutiert werden.<\/p>\n<p>Statt diese Gelegenheit zur Aufkl\u00e4rung wahrzunehmen, nutzen Ihre Organisationen den Weltnichtrauchertag zu einem inhaltlichen Alleingang.<\/p>\n<p>Sie pr\u00e4sentieren ein eigenes, nationales Motto: &#8222;E-Zigaretten und E-Shishas \u2013 Chemie f\u00fcr die Lunge&#8220;. Sie thematisieren damit Genussmittel, die weder geraucht werden noch Passiv-Rauch produzieren, keinen Tabakkonsum involvieren und entgegen Ihren Aussagen kein medizinisch nachgewiesenes Krebsrisiko darstellen.<\/p>\n<p>Stattdessen ist die E-Zigarette nachweislich eine wesentlich risiko\u00e4rmere und weit weniger toxische M\u00f6glichkeit, Nikotin zu konsumieren. Bei entsprechender \u00f6ffentlicher Aufkl\u00e4rung k\u00f6nnte die<br \/>\nE-Zigarette Millionen tabakverursachter Krebserkrankungen verhindern, ohne dabei Sch\u00e4den an Dritten zu verursachen.<\/p>\n<p>Ihre Werbemittel zum Tag suggerieren hingegen, dass die E-Zigarette ein an und f\u00fcr sich gesundheitsgef\u00e4hrdendes Produkt ist, dessen Risiko noch in keiner Weise einzusch\u00e4tzen sei.<\/p>\n<h3>Sie behaupten:<\/h3>\n<p>&#8222;E-Zigaretten und E-Shishas sind gesundheitlich bedenklich.&#8220; Als Begr\u00fcndung geben Sie an,<br \/>\nE-Liquids &#8222;k\u00f6nnen nachweislich zu Atemwegsreizungen f\u00fchren und zudem die Innenraumluft verschlechtern&#8220;. In Aerosolen seien &#8222;sogar krebserzeugende Substanzen gefunden&#8220; worden. &#8222;Die gesundheitlichen Risiken bei regelm\u00e4\u00dfigem und bei Langzeitkonsum [seien] derzeit nicht absch\u00e4tzbar.&#8220; Es g\u00e4be &#8222;keinen Nachweis, dass E-Zigaretten als Hilfsmittel zum Rauchstopp geeignet&#8220; seien. &#8222;Da sie das Rauchritual aufrechterhalten, senken sie m\u00f6glicherweise sogar die Motivation, mit dem Rauchen aufzuh\u00f6ren.&#8220;<\/p>\n<p>Generell fordern Sie deshalb, dass f\u00fcr E-Zigaretten dieselben gesetzlichen Regelungen wie f\u00fcr Tabakprodukte gelten sollten.<\/p>\n<p>Sie fordern au\u00dferdem die Bundesregierung und die Bundestagsabgeordneten aller Parteien auf, in Deutschland einen wirksamen Verbraucher- und Jugendschutz zu gew\u00e4hrleisten \u2013 eine Forderung, die von s\u00e4mtlichen verantwortungsvollen E-Zigaretten und Liquid Anbietern in Deutschland unterst\u00fctzt und bereits umgesetzt wird.<\/p>\n<p>Zu dessen Umsetzung allerdings fordern Sie Ma\u00dfnahmen, die mit dem Kinder- und Jugendschutz nichts zu tun haben \u2013 wie etwa ein Verbot von tabakfremden Aromen, ein vollst\u00e4ndiges Werbeverbot, ein Verwendungsverbot in Nichtraucherbereichen und eine Besteuerung von nikotinhaltigen E-Zigaretten analog zu Tabakprodukten.<\/p>\n<p>Es gibt keinerlei Nachweise noch Anhaltspunkte, dass diese Regulierungsma\u00dfnahmen dem Jugendschutz dienen k\u00f6nnten. Stattdessen w\u00fcrden sie Rauchern den Umstieg auf die lebensrettende E-Zigarette erschweren. Damit fordern Sie Ma\u00dfnahmen, die die Genesung von Rauchern vom Tabakkonsum aktiv behindern und unterlaufen so Ihre eigenen Aufgaben und Prinzipien.<\/p>\n<p>W\u00e4re es nicht ungleich sinnvoller, Sie w\u00fcrden Ihren Einflussbereich nutzen, um angemessen und mit der notwendigen sachlichen und wissenschaftlichen Kompetenz auf die tats\u00e4chlichen Risiken und Vorteile des E-Zigarettenkonsums hinzuweisen? Etwa so:<\/p>\n<h3>E-Zigarette und E-Shishas: Chancen erkennen, Risiken benennen<\/h3>\n<p>Alle bisherigen, international durchgef\u00fchrten Untersuchungen attestieren nikotinfreien und nikotinhaltigen E-Zigaretten und E-Shishas ein wesentlich geringeres gesundheitliches Risikopotenzial als verbrannten Tabakerzeugnissen.<\/p>\n<p>Die Konsumaufnahme von E-Zigaretten f\u00fchrt nicht bei allen Nutzern sofort oder langfristig zum vollst\u00e4ndigen Rauchstopp. Bisherige Untersuchungen beobachten allerdings vor allem bei therapieresistenten Langzeitrauchern eine signifikante Rauchstoppquote durch den Umstieg auf E-Zigaretten.<\/p>\n<p>Die gesundheitlichen Folgen eines Langzeitkonsums sind derzeit noch nicht absch\u00e4tzbar. Die vorhandenen Erkenntnisse deuten allerdings darauf hin, dass ein langfristiger Umstieg von der Tabakzigarette auf die E-Zigarette die Wahrscheinlichkeit von Krebserkrankungen, Erkrankungen des Herz-Kreislauf-Systems und der Atemwege erheblich reduziert und die Lebenserwartung sowie Lebensqualit\u00e4t um ein Vielfaches verbessert.<\/p>\n<p>Abgesehen von selten auftretenden, bald wieder abklingenden Atemwegsreizungen beim Umstieg auf die E-Zigarette, reagieren einige Nutzer allergisch oder sensibel auf einzelne Inhaltsstoffe des Aerosols. Dies kann durch einen Austausch mit alternativen Liquids verhindert werden.<\/p>\n<p>Allerdings h\u00e4ngt die generelle Bedenklichkeit von E-Zigaretten und E-Shishas entscheidend von der Qualit\u00e4t der Liquid-Zusammensetzung, der Hochwertigkeit des verwendeten Ger\u00e4tes und seiner sachgem\u00e4\u00dfen Bedienung ab. Bei sachgerechtem Gebrauch bilden sich keine krebserzeugenden Substanzen im Aerosol (Dampf). Auch der ausgeatmete Dampf stellt keine Gesundheitsgef\u00e4hrdung f\u00fcr die Umgebung dar, die die der durchschnittlichen Atemluft \u00fcbersteigen w\u00fcrde.<\/p>\n<p>Daher sind gesetzliche Vorgaben zum Qualit\u00e4tsmanagement entscheidend. In deren Abwesenheit sollte der Konsument selbst darauf achten, E-Zigaretten nur von bew\u00e4hrten Herstellern und Liquids nur von Produzenten zu kaufen, die sich selbst Reinheitsgebote auferlegt haben.<\/p>\n<p>\u00dcber eine Stellungnahme Ihrer Organisationen w\u00fcrden wir uns freuen.<\/p>\n<p>Mit freundlichen Gr\u00fc\u00dfen<br \/>\nSonia Perez<br \/>\n<em>Redaktion Liquid-News<\/em><\/p>\n<hr \/>\n<p><strong>Weiterf\u00fchrende Links<\/strong><br \/>\n<a href=\"http:\/\/www.abnr.de\/index.php?article_id=215\" target=\"_blank\" rel=\"nofollow noopener noreferrer\">Aktionsb\u00fcndnis Nichtrauchen E.V. Welt-Nichtrauchertag<\/a><br \/>\n<a href=\"http:\/\/www.who.int\/campaigns\/no-tobacco-day\/2015\/event\/en\/\" target=\"_blank\" rel=\"nofollow noopener noreferrer\">WHO:World No Tobacco Day 2015<\/a><br \/>\n<a title=\"WHO calls for action against illicit tobacco trade on World No Tobacco Day\" href=\"http:\/\/www.who.int\/entity\/mediacentre\/news\/releases\/2015\/world-no-tobacco-day\/en\/index.html\" target=\"_blank\" rel=\"nofollow noopener noreferrer\">WHO calls for action against illicit tobacco trade on World No Tobacco Day <\/a><\/p>\n<p><strong>Weitere Themen<\/strong><br \/>\n<a href=\"https:\/\/liquid-news.com\/e-zigaretten\/keine-chemie-im-e-zigaretten-dampf\/\">Keine Chemie im Dampf<\/a><br \/>\n<a href=\"https:\/\/liquid-news.com\/schluss-mit-dem-toedlichen-mythos-vom-dualen-nutzen\/\" target=\"_blank\" rel=\"noopener noreferrer\">Schluss mit dem t\u00f6dlichen Mythos vom Dualen Nutzen<\/a><br \/>\n<a href=\"https:\/\/liquid-news.com\/e-zigaretten\/studie-e-zigaretten-erschweren-den-rauch-stopp\/\" target=\"_blank\" rel=\"noopener noreferrer\">Studie: E-Zigaretten erschweren den Rauch-Stopp<\/a><br \/>\n<a href=\"https:\/\/liquid-news.com\/e-zigaretten\/neue-studie-einkauf-beim-fachhaendler-erleichtert-langfristigen-umstieg\/\" target=\"_blank\" rel=\"noopener noreferrer\">Neue Studie: Einkauf beim Fachh\u00e4ndler erleichtert langfristigen Umstieg<\/a><br \/>\n<a href=\"https:\/\/liquid-news.com\/e-zigaretten\/studie-ezigaretten-werbung-verfuehrt-zum-rauchen\/\" target=\"_blank\" rel=\"noopener noreferrer\">Studie: eZigaretten-Werbung verf\u00fchrt zum Rauchen<\/a><br \/>\n<a href=\"https:\/\/liquid-news.com\/e-zigaretten\/deutscher-wissenschaftler-kommentiert-fehler-in-e-zigaretten-studie\/\" target=\"_blank\" rel=\"noopener noreferrer\">Deutscher Wissenschaftler kommentiert Fehler in E-Zigaretten Studie<\/a><br \/>\n<a href=\"https:\/\/liquid-news.com\/neue-studien-behaupten-hardware-metalle-und-liquid-aromen-gefaehrden-die-gesundheit\/\" target=\"_blank\" rel=\"noopener noreferrer\">Neue Studien behaupten: Hardware-Metalle und Liquid-Aromen gef\u00e4hrden die Gesundheit<\/a><br \/>\n<a href=\"https:\/\/liquid-news.com\/e-zigaretten\/e-zigaretten\/aktuelle-studien-zeigen-nichtraucher-nutzen-keine-e-zigaretten\/\" target=\"_blank\" rel=\"noopener noreferrer\">Aktuelle Studien zeigen: Nichtraucher nutzen keine E-Zigaretten<\/a><br \/>\n<a href=\"https:\/\/liquid-news.com\/e-zigaretten\/die-japan-studie-zur-e-zigarette-und-das-versagen-der-medienformaldehyd-studie-ueber-e-zigaretten\/\" target=\"_blank\" rel=\"noopener noreferrer\">Die Japan Studie zur e-Zigarette und das Versagen der Medien<\/a><br \/>\n<a href=\"https:\/\/liquid-news.com\/e-zigaretten\/tabakentwoehnung-mit-e-zigaretten-langzeitstudie-beweist-erfolg\/\" target=\"_blank\" rel=\"noopener noreferrer\">Tabakentw\u00f6hnung mit E-Zigaretten: Langzeitstudie beweist Erfolg<\/a><br \/>\n<a href=\"https:\/\/liquid-news.com\/e-zigaretten\/studeinvergleich-beweist-e-zigarette-ist-weniger-schaedlich-als-tabakkonsum\/\" target=\"_blank\" rel=\"noopener noreferrer\">Studienvergleich beweist: E-Zigarette ist weniger sch\u00e4dlich als Tabakkonsum<\/a><\/p><div class=\"ln-300-bottom ln-entity-placement\" id=\"ln-1261755839\"><div id=\"ln-126301948\"><hr>\r\n<div class=\"woocommerce columns-1 \"><\/div>\r\n<hr><\/div><\/div>\n","protected":false},"excerpt":{"rendered":"<p>Der Weltnichtrauchertag und die deutsche Gesundheitspolitik Die Deutsche Krebshilfe e.V. und das Aktionsb\u00fcndnis Nichtraucher, dem auch das DKFZ angeh\u00f6rt, nutzen den diesj\u00e4hrigen internationalen Weltnichtrauchertag, um ihr eigenes Anti-Dampf-S\u00fcppchen zu kochen. In Deutschland sind die Deutsche Krebshilfe e.V. und das Aktionsb\u00fcndnis Nichtraucher daf\u00fcr verantwortlich, das international ausgerichtete Weltnichtrauchertag-Thema der WHO f\u00fcr ein deutsches Publikum aufzuarbeiten. Dies [&hellip;]<\/p>\n","protected":false},"author":3,"featured_media":9328,"comment_status":"closed","ping_status":"closed","sticky":false,"template":"","format":"standard","meta":{"footnotes":""},"categories":[6],"tags":[390],"class_list":["post-9317","post","type-post","status-publish","format-standard","has-post-thumbnail","hentry","category-news","tag-e-zigarette-dkfz"],"yoast_head":"<!-- This site is optimized with the Yoast SEO plugin v27.5 - https:\/\/yoast.com\/product\/yoast-seo-wordpress\/ -->\n<title>Weltnichtrauchertag wird Opfer deutscher Politik<\/title>\n<meta name=\"description\" content=\"Der Weltnichtrauchertag und die deutsche Gesundheitspolitik. Die Deutsche Krebshilfe e.V. und das Aktionsb\u00fcndnis Nichtraucher, dem auch das DKFZ angeh\u00f6rt\" \/>\n<meta name=\"robots\" content=\"index, follow, max-snippet:-1, max-image-preview:large, max-video-preview:-1\" \/>\n<link rel=\"canonical\" href=\"https:\/\/liquid-news.com\/e-zigaretten\/weltnichtrauchertag-wird-opfer-deutscher-politik\/\" \/>\n<meta property=\"og:locale\" content=\"de_DE\" \/>\n<meta property=\"og:type\" content=\"article\" \/>\n<meta property=\"og:title\" content=\"Weltnichtrauchertag wird Opfer deutscher Politik\" \/>\n<meta property=\"og:description\" content=\"Der Weltnichtrauchertag und die deutsche Gesundheitspolitik. Die Deutsche Krebshilfe e.V. und das Aktionsb\u00fcndnis Nichtraucher, dem auch das DKFZ angeh\u00f6rt\" \/>\n<meta property=\"og:url\" content=\"https:\/\/liquid-news.com\/e-zigaretten\/weltnichtrauchertag-wird-opfer-deutscher-politik\/\" \/>\n<meta property=\"og:site_name\" content=\"ezigaretten\" \/>\n<meta property=\"article:publisher\" content=\"https:\/\/www.facebook.com\/pages\/Liquid-News\/547479922011571\" \/>\n<meta property=\"article:author\" content=\"https:\/\/www.facebook.com\/pages\/Liquid-News\/547479922011571\" \/>\n<meta property=\"article:published_time\" content=\"2015-05-28T10:00:00+00:00\" \/>\n<meta property=\"article:modified_time\" content=\"2022-08-12T15:33:01+00:00\" \/>\n<meta property=\"og:image\" content=\"https:\/\/liquid-news.com\/e-zigaretten\/wp-content\/uploads\/2015\/05\/weltnichtrauchtag-wird-opfer-deutscher-politik.jpg\" \/>\n\t<meta property=\"og:image:width\" content=\"424\" \/>\n\t<meta property=\"og:image:height\" content=\"283\" \/>\n\t<meta property=\"og:image:type\" content=\"image\/jpeg\" \/>\n<meta name=\"author\" content=\"Sonia\" \/>\n<meta name=\"twitter:card\" content=\"summary_large_image\" \/>\n<meta name=\"twitter:creator\" content=\"@NewsLiquid\" \/>\n<meta name=\"twitter:site\" content=\"@LiquidNews\" \/>\n<meta name=\"twitter:label1\" content=\"Verfasst von\" \/>\n\t<meta name=\"twitter:data1\" content=\"Sonia\" \/>\n\t<meta name=\"twitter:label2\" content=\"Gesch\u00e4tzte Lesezeit\" \/>\n\t<meta name=\"twitter:data2\" content=\"8\u00a0Minuten\" \/>\n<script type=\"application\/ld+json\" class=\"yoast-schema-graph\">{\"@context\":\"https:\\\/\\\/schema.org\",\"@graph\":[{\"@type\":\"Article\",\"@id\":\"https:\\\/\\\/liquid-news.com\\\/e-zigaretten\\\/weltnichtrauchertag-wird-opfer-deutscher-politik\\\/#article\",\"isPartOf\":{\"@id\":\"https:\\\/\\\/liquid-news.com\\\/e-zigaretten\\\/weltnichtrauchertag-wird-opfer-deutscher-politik\\\/\"},\"author\":{\"name\":\"Sonia\",\"@id\":\"https:\\\/\\\/1ln.liquid-news.com\\\/e-zigaretten\\\/#\\\/schema\\\/person\\\/1c9f384ca223e16bb2099076bc889d9f\"},\"headline\":\"Weltnichtrauchertag wird Opfer deutscher Politik\",\"datePublished\":\"2015-05-28T10:00:00+00:00\",\"dateModified\":\"2022-08-12T15:33:01+00:00\",\"mainEntityOfPage\":{\"@id\":\"https:\\\/\\\/liquid-news.com\\\/e-zigaretten\\\/weltnichtrauchertag-wird-opfer-deutscher-politik\\\/\"},\"wordCount\":1317,\"image\":{\"@id\":\"https:\\\/\\\/liquid-news.com\\\/e-zigaretten\\\/weltnichtrauchertag-wird-opfer-deutscher-politik\\\/#primaryimage\"},\"thumbnailUrl\":\"https:\\\/\\\/liquid-news.com\\\/e-zigaretten\\\/wp-content\\\/uploads\\\/2015\\\/05\\\/weltnichtrauchtag-wird-opfer-deutscher-politik.jpg\",\"keywords\":[\"E-Zigarette DKFZ\"],\"articleSection\":[\"News\"],\"inLanguage\":\"de\"},{\"@type\":\"WebPage\",\"@id\":\"https:\\\/\\\/liquid-news.com\\\/e-zigaretten\\\/weltnichtrauchertag-wird-opfer-deutscher-politik\\\/\",\"url\":\"https:\\\/\\\/liquid-news.com\\\/e-zigaretten\\\/weltnichtrauchertag-wird-opfer-deutscher-politik\\\/\",\"name\":\"Weltnichtrauchertag wird Opfer deutscher Politik\",\"isPartOf\":{\"@id\":\"https:\\\/\\\/1ln.liquid-news.com\\\/e-zigaretten\\\/#website\"},\"primaryImageOfPage\":{\"@id\":\"https:\\\/\\\/liquid-news.com\\\/e-zigaretten\\\/weltnichtrauchertag-wird-opfer-deutscher-politik\\\/#primaryimage\"},\"image\":{\"@id\":\"https:\\\/\\\/liquid-news.com\\\/e-zigaretten\\\/weltnichtrauchertag-wird-opfer-deutscher-politik\\\/#primaryimage\"},\"thumbnailUrl\":\"https:\\\/\\\/liquid-news.com\\\/e-zigaretten\\\/wp-content\\\/uploads\\\/2015\\\/05\\\/weltnichtrauchtag-wird-opfer-deutscher-politik.jpg\",\"datePublished\":\"2015-05-28T10:00:00+00:00\",\"dateModified\":\"2022-08-12T15:33:01+00:00\",\"author\":{\"@id\":\"https:\\\/\\\/1ln.liquid-news.com\\\/e-zigaretten\\\/#\\\/schema\\\/person\\\/1c9f384ca223e16bb2099076bc889d9f\"},\"description\":\"Der Weltnichtrauchertag und die deutsche Gesundheitspolitik. Die Deutsche Krebshilfe e.V. und das Aktionsb\u00fcndnis Nichtraucher, dem auch das DKFZ angeh\u00f6rt\",\"breadcrumb\":{\"@id\":\"https:\\\/\\\/liquid-news.com\\\/e-zigaretten\\\/weltnichtrauchertag-wird-opfer-deutscher-politik\\\/#breadcrumb\"},\"inLanguage\":\"de\",\"potentialAction\":[{\"@type\":\"ReadAction\",\"target\":[\"https:\\\/\\\/liquid-news.com\\\/e-zigaretten\\\/weltnichtrauchertag-wird-opfer-deutscher-politik\\\/\"]}]},{\"@type\":\"ImageObject\",\"inLanguage\":\"de\",\"@id\":\"https:\\\/\\\/liquid-news.com\\\/e-zigaretten\\\/weltnichtrauchertag-wird-opfer-deutscher-politik\\\/#primaryimage\",\"url\":\"https:\\\/\\\/liquid-news.com\\\/e-zigaretten\\\/wp-content\\\/uploads\\\/2015\\\/05\\\/weltnichtrauchtag-wird-opfer-deutscher-politik.jpg\",\"contentUrl\":\"https:\\\/\\\/liquid-news.com\\\/e-zigaretten\\\/wp-content\\\/uploads\\\/2015\\\/05\\\/weltnichtrauchtag-wird-opfer-deutscher-politik.jpg\",\"width\":424,\"height\":283,\"caption\":\"Weltnichtrauchertag wird Opfer deutscher Politik\"},{\"@type\":\"BreadcrumbList\",\"@id\":\"https:\\\/\\\/liquid-news.com\\\/e-zigaretten\\\/weltnichtrauchertag-wird-opfer-deutscher-politik\\\/#breadcrumb\",\"itemListElement\":[{\"@type\":\"ListItem\",\"position\":1,\"name\":\"Home\",\"item\":\"https:\\\/\\\/liquid-news.com\\\/e-zigaretten\\\/\"},{\"@type\":\"ListItem\",\"position\":2,\"name\":\"Weltnichtrauchertag wird Opfer deutscher Politik\"}]},{\"@type\":\"WebSite\",\"@id\":\"https:\\\/\\\/1ln.liquid-news.com\\\/e-zigaretten\\\/#website\",\"url\":\"https:\\\/\\\/1ln.liquid-news.com\\\/e-zigaretten\\\/\",\"name\":\"ezigaretten\",\"description\":\"Das Online Magazin f\u00fcr e-Zigaretten und Liquids\",\"potentialAction\":[{\"@type\":\"SearchAction\",\"target\":{\"@type\":\"EntryPoint\",\"urlTemplate\":\"https:\\\/\\\/1ln.liquid-news.com\\\/e-zigaretten\\\/?s={search_term_string}\"},\"query-input\":{\"@type\":\"PropertyValueSpecification\",\"valueRequired\":true,\"valueName\":\"search_term_string\"}}],\"inLanguage\":\"de\"},{\"@type\":\"Person\",\"@id\":\"https:\\\/\\\/1ln.liquid-news.com\\\/e-zigaretten\\\/#\\\/schema\\\/person\\\/1c9f384ca223e16bb2099076bc889d9f\",\"name\":\"Sonia\",\"sameAs\":[\"https:\\\/\\\/www.facebook.com\\\/pages\\\/Liquid-News\\\/547479922011571\",\"https:\\\/\\\/x.com\\\/NewsLiquid\"]}]}<\/script>\n<!-- \/ Yoast SEO plugin. -->","yoast_head_json":{"title":"Weltnichtrauchertag wird Opfer deutscher Politik","description":"Der Weltnichtrauchertag und die deutsche Gesundheitspolitik. Die Deutsche Krebshilfe e.V. und das Aktionsb\u00fcndnis Nichtraucher, dem auch das DKFZ angeh\u00f6rt","robots":{"index":"index","follow":"follow","max-snippet":"max-snippet:-1","max-image-preview":"max-image-preview:large","max-video-preview":"max-video-preview:-1"},"canonical":"https:\/\/liquid-news.com\/e-zigaretten\/weltnichtrauchertag-wird-opfer-deutscher-politik\/","og_locale":"de_DE","og_type":"article","og_title":"Weltnichtrauchertag wird Opfer deutscher Politik","og_description":"Der Weltnichtrauchertag und die deutsche Gesundheitspolitik. Die Deutsche Krebshilfe e.V. und das Aktionsb\u00fcndnis Nichtraucher, dem auch das DKFZ angeh\u00f6rt","og_url":"https:\/\/liquid-news.com\/e-zigaretten\/weltnichtrauchertag-wird-opfer-deutscher-politik\/","og_site_name":"ezigaretten","article_publisher":"https:\/\/www.facebook.com\/pages\/Liquid-News\/547479922011571","article_author":"https:\/\/www.facebook.com\/pages\/Liquid-News\/547479922011571","article_published_time":"2015-05-28T10:00:00+00:00","article_modified_time":"2022-08-12T15:33:01+00:00","og_image":[{"width":424,"height":283,"url":"https:\/\/liquid-news.com\/e-zigaretten\/wp-content\/uploads\/2015\/05\/weltnichtrauchtag-wird-opfer-deutscher-politik.jpg","type":"image\/jpeg"}],"author":"Sonia","twitter_card":"summary_large_image","twitter_creator":"@NewsLiquid","twitter_site":"@LiquidNews","twitter_misc":{"Verfasst von":"Sonia","Gesch\u00e4tzte Lesezeit":"8\u00a0Minuten"},"schema":{"@context":"https:\/\/schema.org","@graph":[{"@type":"Article","@id":"https:\/\/liquid-news.com\/e-zigaretten\/weltnichtrauchertag-wird-opfer-deutscher-politik\/#article","isPartOf":{"@id":"https:\/\/liquid-news.com\/e-zigaretten\/weltnichtrauchertag-wird-opfer-deutscher-politik\/"},"author":{"name":"Sonia","@id":"https:\/\/1ln.liquid-news.com\/e-zigaretten\/#\/schema\/person\/1c9f384ca223e16bb2099076bc889d9f"},"headline":"Weltnichtrauchertag wird Opfer deutscher Politik","datePublished":"2015-05-28T10:00:00+00:00","dateModified":"2022-08-12T15:33:01+00:00","mainEntityOfPage":{"@id":"https:\/\/liquid-news.com\/e-zigaretten\/weltnichtrauchertag-wird-opfer-deutscher-politik\/"},"wordCount":1317,"image":{"@id":"https:\/\/liquid-news.com\/e-zigaretten\/weltnichtrauchertag-wird-opfer-deutscher-politik\/#primaryimage"},"thumbnailUrl":"https:\/\/liquid-news.com\/e-zigaretten\/wp-content\/uploads\/2015\/05\/weltnichtrauchtag-wird-opfer-deutscher-politik.jpg","keywords":["E-Zigarette DKFZ"],"articleSection":["News"],"inLanguage":"de"},{"@type":"WebPage","@id":"https:\/\/liquid-news.com\/e-zigaretten\/weltnichtrauchertag-wird-opfer-deutscher-politik\/","url":"https:\/\/liquid-news.com\/e-zigaretten\/weltnichtrauchertag-wird-opfer-deutscher-politik\/","name":"Weltnichtrauchertag wird Opfer deutscher Politik","isPartOf":{"@id":"https:\/\/1ln.liquid-news.com\/e-zigaretten\/#website"},"primaryImageOfPage":{"@id":"https:\/\/liquid-news.com\/e-zigaretten\/weltnichtrauchertag-wird-opfer-deutscher-politik\/#primaryimage"},"image":{"@id":"https:\/\/liquid-news.com\/e-zigaretten\/weltnichtrauchertag-wird-opfer-deutscher-politik\/#primaryimage"},"thumbnailUrl":"https:\/\/liquid-news.com\/e-zigaretten\/wp-content\/uploads\/2015\/05\/weltnichtrauchtag-wird-opfer-deutscher-politik.jpg","datePublished":"2015-05-28T10:00:00+00:00","dateModified":"2022-08-12T15:33:01+00:00","author":{"@id":"https:\/\/1ln.liquid-news.com\/e-zigaretten\/#\/schema\/person\/1c9f384ca223e16bb2099076bc889d9f"},"description":"Der Weltnichtrauchertag und die deutsche Gesundheitspolitik. Die Deutsche Krebshilfe e.V. und das Aktionsb\u00fcndnis Nichtraucher, dem auch das DKFZ angeh\u00f6rt","breadcrumb":{"@id":"https:\/\/liquid-news.com\/e-zigaretten\/weltnichtrauchertag-wird-opfer-deutscher-politik\/#breadcrumb"},"inLanguage":"de","potentialAction":[{"@type":"ReadAction","target":["https:\/\/liquid-news.com\/e-zigaretten\/weltnichtrauchertag-wird-opfer-deutscher-politik\/"]}]},{"@type":"ImageObject","inLanguage":"de","@id":"https:\/\/liquid-news.com\/e-zigaretten\/weltnichtrauchertag-wird-opfer-deutscher-politik\/#primaryimage","url":"https:\/\/liquid-news.com\/e-zigaretten\/wp-content\/uploads\/2015\/05\/weltnichtrauchtag-wird-opfer-deutscher-politik.jpg","contentUrl":"https:\/\/liquid-news.com\/e-zigaretten\/wp-content\/uploads\/2015\/05\/weltnichtrauchtag-wird-opfer-deutscher-politik.jpg","width":424,"height":283,"caption":"Weltnichtrauchertag wird Opfer deutscher Politik"},{"@type":"BreadcrumbList","@id":"https:\/\/liquid-news.com\/e-zigaretten\/weltnichtrauchertag-wird-opfer-deutscher-politik\/#breadcrumb","itemListElement":[{"@type":"ListItem","position":1,"name":"Home","item":"https:\/\/liquid-news.com\/e-zigaretten\/"},{"@type":"ListItem","position":2,"name":"Weltnichtrauchertag wird Opfer deutscher Politik"}]},{"@type":"WebSite","@id":"https:\/\/1ln.liquid-news.com\/e-zigaretten\/#website","url":"https:\/\/1ln.liquid-news.com\/e-zigaretten\/","name":"ezigaretten","description":"Das Online Magazin f\u00fcr e-Zigaretten und Liquids","potentialAction":[{"@type":"SearchAction","target":{"@type":"EntryPoint","urlTemplate":"https:\/\/1ln.liquid-news.com\/e-zigaretten\/?s={search_term_string}"},"query-input":{"@type":"PropertyValueSpecification","valueRequired":true,"valueName":"search_term_string"}}],"inLanguage":"de"},{"@type":"Person","@id":"https:\/\/1ln.liquid-news.com\/e-zigaretten\/#\/schema\/person\/1c9f384ca223e16bb2099076bc889d9f","name":"Sonia","sameAs":["https:\/\/www.facebook.com\/pages\/Liquid-News\/547479922011571","https:\/\/x.com\/NewsLiquid"]}]}},"_links":{"self":[{"href":"https:\/\/liquid-news.com\/e-zigaretten\/wp-json\/wp\/v2\/posts\/9317","targetHints":{"allow":["GET"]}}],"collection":[{"href":"https:\/\/liquid-news.com\/e-zigaretten\/wp-json\/wp\/v2\/posts"}],"about":[{"href":"https:\/\/liquid-news.com\/e-zigaretten\/wp-json\/wp\/v2\/types\/post"}],"author":[{"embeddable":true,"href":"https:\/\/liquid-news.com\/e-zigaretten\/wp-json\/wp\/v2\/users\/3"}],"replies":[{"embeddable":true,"href":"https:\/\/liquid-news.com\/e-zigaretten\/wp-json\/wp\/v2\/comments?post=9317"}],"version-history":[{"count":0,"href":"https:\/\/liquid-news.com\/e-zigaretten\/wp-json\/wp\/v2\/posts\/9317\/revisions"}],"wp:featuredmedia":[{"embeddable":true,"href":"https:\/\/liquid-news.com\/e-zigaretten\/wp-json\/wp\/v2\/media\/9328"}],"wp:attachment":[{"href":"https:\/\/liquid-news.com\/e-zigaretten\/wp-json\/wp\/v2\/media?parent=9317"}],"wp:term":[{"taxonomy":"category","embeddable":true,"href":"https:\/\/liquid-news.com\/e-zigaretten\/wp-json\/wp\/v2\/categories?post=9317"},{"taxonomy":"post_tag","embeddable":true,"href":"https:\/\/liquid-news.com\/e-zigaretten\/wp-json\/wp\/v2\/tags?post=9317"}],"curies":[{"name":"wp","href":"https:\/\/api.w.org\/{rel}","templated":true}]}}