{"id":8783,"date":"2015-04-08T18:00:00","date_gmt":"2015-04-08T17:00:00","guid":{"rendered":"http:\/\/liquid-news.de\/?p=8783"},"modified":"2020-08-14T00:01:26","modified_gmt":"2020-08-14T00:01:26","slug":"wir-machen-dampf-m-o-v-e","status":"publish","type":"post","link":"https:\/\/liquid-news.com\/e-zigaretten\/wir-machen-dampf-m-o-v-e\/","title":{"rendered":"Wir machen Dampf! &#8211; m.o.v.e."},"content":{"rendered":"<p><img loading=\"lazy\" decoding=\"async\" class=\"aligncenter size-full wp-image-8792\" src=\"https:\/\/liquid-news.com\/e-zigaretten\/wp-content\/uploads\/2015\/04\/wir-machen-dampf-move.jpg\" alt=\"Wir machen Dampf\" width=\"375\" height=\"200\" srcset=\"https:\/\/liquid-news.com\/e-zigaretten\/wp-content\/uploads\/2015\/04\/wir-machen-dampf-move.jpg 375w, https:\/\/liquid-news.com\/e-zigaretten\/wp-content\/uploads\/2015\/04\/wir-machen-dampf-move-10x5.jpg 10w, https:\/\/liquid-news.com\/e-zigaretten\/wp-content\/uploads\/2015\/04\/wir-machen-dampf-move-300x160.jpg 300w, https:\/\/liquid-news.com\/e-zigaretten\/wp-content\/uploads\/2015\/04\/wir-machen-dampf-move-374x200.jpg 374w\" sizes=\"auto, (max-width: 375px) 100vw, 375px\" \/><\/p>\n<h2>Dampfer Aktivismus \u2013 Mittwoch 08.04.2015<\/h2>\n<hr \/>\n<p>Jeden Mittwoch ver\u00f6ffentlichen wir an dieser Stelle Ideen und M\u00f6glichkeiten, sich f\u00fcr das Dampfen aktiv einzusetzen, \u00dcberregulierungen mit Mut zur Wut entgegenzutreten und die Freiheit der<br \/>\nE-Zigarette zu sichern. Das Spektrum reicht vom Slacktivism bis zur Kampagnen-Orga, vom privaten Wirken bis zur politischen Aktion \u2013 f\u00fcr alle ist was dabei und alles l\u00e4sst sich sofort und in einer Woche umsetzen.<\/p><div class=\"ln-132-firstparagraph ln-entity-placement\" id=\"ln-1394638151\"><div id=\"ln-2662414297\"><hr>\r\n<div class=\"woocommerce columns-1 \"><\/div>\r\n<hr><\/div><\/div>\n<p>Wer sich vorab so richtig in Stimmung bringen will, dem sei das nicht-zu-toppende Protestvideo von Jayden Lyrics (feat. Philgood) ans gesunde Herz gelegt: &#8222;Mut zur Wut&#8220;. &#8222;Ich mach jetzt Dampf, weil ich mein Leben lieb. Ihr wollt mir mein Liquid nehmen? Nein, Mann, negativ.&#8220; Sage noch einer, Deutschrap w\u00e4re sinnentleert&#8230;<\/p>\n<p align=\"center\"><iframe loading=\"lazy\" src=\"https:\/\/www.youtube.com\/embed\/Qt7f1DrCgjA\" width=\"658\" height=\"393\" frameborder=\"0\" allowfullscreen=\"allowfullscreen\"><\/iframe><\/p>\n<hr \/>\n<h2>1.Empfiehlt Euren \u00c4rzten und Euch bekannten Medizinern die Aufkl\u00e4rungsplattform M.O.V.E!<\/h2>\n<p><a href=\"https:\/\/sciencecig.wordpress.com\/move\/\" target=\"_blank\" rel=\"noopener noreferrer\"><img loading=\"lazy\" decoding=\"async\" class=\"aligncenter wp-image-8786 size-full\" src=\"https:\/\/liquid-news.com\/e-zigaretten\/wp-content\/uploads\/2015\/04\/MOVE-Logo.jpg\" alt=\"Empfiehlt Euren \u00c4rzten und Euch bekannten Medizinern die Aufkl\u00e4rungsplattform M.O.V.E!\" width=\"380\" height=\"120\" srcset=\"https:\/\/liquid-news.com\/e-zigaretten\/wp-content\/uploads\/2015\/04\/MOVE-Logo.jpg 380w, https:\/\/liquid-news.com\/e-zigaretten\/wp-content\/uploads\/2015\/04\/MOVE-Logo-10x3.jpg 10w, https:\/\/liquid-news.com\/e-zigaretten\/wp-content\/uploads\/2015\/04\/MOVE-Logo-300x95.jpg 300w\" sizes=\"auto, (max-width: 380px) 100vw, 380px\" \/><\/a><\/p>\n<p style=\"text-align: justify;\">Viele werden schon geh\u00f6rt haben von dieser noch relativ neuen Initiative; sie wurde vom EFVI Spanien gegr\u00fcndet wurde, um Mediziner, Pflegende und andere professionelle Angeh\u00f6rige des Gesundheitssektors f\u00fcr die Dampf-Sache zu gewinnen.<\/p>\n<p style=\"text-align: justify;\">Das erl\u00e4uternde MOVE-Statement wurde von f\u00fchrenden Wissenschaftlern, \u00c4rzten und Spezialisten verfasst. Es macht das Potenzial der E-Zigarette als empfehlenswertes Instrument der Schadensminimierung (&#8222;Harm Reduction&#8220;) deutlich und m\u00f6chte dazu beitragen, anderen Medizinern die Unsicherheit zu nehmen, welchen Rat sie ihren Patienten, Klienten und zu Pflegenden hinsichtlich des Gebrauchs von E-Zigaretten geben sollen.<\/p>\n<p style=\"text-align: justify;\">Die MOVE-Kampagne l\u00e4dt au\u00dferdem \u00c4rzte, Pflegende und Gesundheitsexperten ein, die Initiative durch ihre nach L\u00e4ndern gelistete Namensnennung zu unterst\u00fctzen.<\/p>\n<p style=\"text-align: justify;\"><a href=\"https:\/\/sciencecig.wordpress.com\/supporters\/\" target=\"_blank\" rel=\"noopener noreferrer\"><img loading=\"lazy\" decoding=\"async\" class=\"aligncenter wp-image-8787 size-full\" src=\"https:\/\/liquid-news.com\/e-zigaretten\/wp-content\/uploads\/2015\/04\/MOVE_Screenshot.jpg\" alt=\"Medical Organizations supporting Vaping and electronic cigarettes\" width=\"657\" height=\"359\" srcset=\"https:\/\/liquid-news.com\/e-zigaretten\/wp-content\/uploads\/2015\/04\/MOVE_Screenshot.jpg 657w, https:\/\/liquid-news.com\/e-zigaretten\/wp-content\/uploads\/2015\/04\/MOVE_Screenshot-10x5.jpg 10w, https:\/\/liquid-news.com\/e-zigaretten\/wp-content\/uploads\/2015\/04\/MOVE_Screenshot-300x164.jpg 300w, https:\/\/liquid-news.com\/e-zigaretten\/wp-content\/uploads\/2015\/04\/MOVE_Screenshot-239x130.jpg 239w\" sizes=\"auto, (max-width: 657px) 100vw, 657px\" \/><\/a><\/p>\n<p style=\"text-align: justify;\">Wie auch unsere eigenen Nachforschungen ergeben haben, sind viele \u00c4rzte (noch) nicht bereit, die E-Zigarette \u00f6ffentlich zu unterst\u00fctzen. Der pharmazeutische Widerstand ist riesig; ebenso stark weht der Gegenwind aus der Richtung der (in Deutschlands Fall bundesfinanzierten) Forschungseinrichtungen. Umso wichtiger ist eine l\u00e4nder\u00fcbergreifende Plattform, die alle Behandelnden zur freien und dennoch kritischen Entscheidungsfindung anhand wissenschaftlicher Belege ermuntert.<\/p>\n<p style=\"text-align: justify;\">Wir alle k\u00f6nnen dabei helfen, unsere behandelnden und uns bekannten \u00c4rzte und Therapeuten auf das MOVE-Manifest hinzuweisen. Eine kurze E-Mail mit Link und ein zwei Worten \u00fcber die pers\u00f6nliche Dampferfahrung reicht aus. Fraglos kompetente Stimmen wie <a title=\"Gerry Stimson oder: Welches Problem haben die Gesundheitsbeh\u00f6rden mit E-Zigaretten?\" href=\"https:\/\/liquid-news.com\/e-zigaretten\/gerry-stimson-oder-welches-problem-haben-die-gesundheitsbehoerden-mit-e-zigaretten\/\" target=\"_blank\" rel=\"noopener\">Professor Gerry Stimson<\/a>, Dr Jacques Le Houezec, <a title=\"Konstantinos Farsalinos oder: Vom Mut, E-Zigaretten-Forschungspionier zu sein\" href=\"https:\/\/liquid-news.com\/e-zigaretten\/konstantinos-farsalinos-oder-vom-mut-e-zigaretten-forschungspionier-zu-sein\/\" target=\"_blank\" rel=\"noopener\">Dr. Konstantinos Farsalinos<\/a>, Professor Riccardo Polosa oder Dr. Carmen Escrig verleihen dem Projekt auf den ersten Blick die notwendige Glaubw\u00fcrdigkeit.<\/p>\n<p>Oder, wie eine der Initiatorinnen des MOVE Projektes es zusammenfasst: &#8222;Dampfen rettet Leben. Gute \u00c4rzte retten auch Leben.&#8220;<\/p>\n<h2>2.Gib&#8216; dem Dampfen Dein Gesicht &#8211; auf vapourfaces.eu!<\/h2>\n<p style=\"text-align: justify;\">Nicht jeder sieht sein\/ihr Gesicht gern im Netz. Wer aber keine diesbez\u00fcglichen Ber\u00fchrungs\u00e4ngste hat, kann auf Vapourfaces die Nase ins Protestfeld halten. \u00dcber 3.900 Dampfer geben sich in der Galerie bereits die Ehre.<\/p>\n<p style=\"text-align: justify;\"><a href=\"http:\/\/vapourfaces.eu\/mitmachen\" target=\"_blank\" rel=\"noopener noreferrer\"><img loading=\"lazy\" decoding=\"async\" class=\"aligncenter wp-image-8788\" src=\"https:\/\/liquid-news.com\/e-zigaretten\/wp-content\/uploads\/2015\/04\/vapourfaces.jpg\" alt=\"Dein Gesicht f\u00fcr VapourFaces\" width=\"707\" height=\"337\" srcset=\"https:\/\/liquid-news.com\/e-zigaretten\/wp-content\/uploads\/2015\/04\/vapourfaces.jpg 759w, https:\/\/liquid-news.com\/e-zigaretten\/wp-content\/uploads\/2015\/04\/vapourfaces-10x5.jpg 10w, https:\/\/liquid-news.com\/e-zigaretten\/wp-content\/uploads\/2015\/04\/vapourfaces-300x143.jpg 300w\" sizes=\"auto, (max-width: 707px) 100vw, 707px\" \/><\/a>Kein radikaler, eher ein symbolischer Schritt, aber ein schneller und so gut wie aufwandsloser Weg, zu \u201ezeigen, dass wir nicht nur ein paar Wenige sind gegen\u00fcber der Europ\u00e4ischen Union, den Ministern des Europaparlamentes und allen denen, die der Auffassung sind, sie k\u00f6nnten ungefragt \u00fcber unsere K\u00f6pfe und unseren Willen hinweg Regelungen schaffen, die eindeutig in dieser Form nicht von uns gewollt sind! Dies gilt auch und ganz besonders jetzt, nachdem die Tabakproduktrichtlinie vom Europ\u00e4ischen Parlament beschlossen worden ist. Jetzt sind die nationalen Regierungen gefragt und am Zuge!&#8220;<\/p>\n<h2>3.Nutzt den europaweiten Anti-TPD-Protest am 29. Mai, um in Unternehmen und Schulen, mit Bekannten und Fremden \u00fcber Eure Dampferfahrungen zu sprechen!<\/h2>\n<p style=\"text-align: justify;\">Die Interessengemeinschaft E-Dampfen (IG-ED) hat in einer Stellungnahme vom 5. April erkl\u00e4rt, warum sie dem Aufruf des \u00f6sterreichischen Dampferclubs zur Demonstrations-Orga anl\u00e4sslich des europaweiten Protests gegen das TPD2 am 29.Mai nicht nachkommen wird: &#8222;Die Zeit f\u00fcr Demos wird kommen. Wir sehen derzeit jedoch keine M\u00f6glichkeit, nennenswerte Teilnehmerzahlen f\u00fcr eine Dampferdemo zu begeistern. Das muss man nicht gut finden, es ist aber die Realit\u00e4t. Demos mit weniger als 1000 Teilnehmern schaden uns mehr als sie n\u00fctzen.&#8220;<\/p>\n<div id=\"attachment_8789\" style=\"width: 550px\" class=\"wp-caption aligncenter\"><img loading=\"lazy\" decoding=\"async\" aria-describedby=\"caption-attachment-8789\" class=\"size-full wp-image-8789\" src=\"https:\/\/liquid-news.com\/e-zigaretten\/wp-content\/uploads\/2015\/04\/suffragetten.jpg\" alt=\"Ein Hoch auf den Pragmatismus...aber: Die Suffragetten war auch nicht gerade zu 1.000 unterwegs\" width=\"540\" height=\"304\" srcset=\"https:\/\/liquid-news.com\/e-zigaretten\/wp-content\/uploads\/2015\/04\/suffragetten.jpg 540w, https:\/\/liquid-news.com\/e-zigaretten\/wp-content\/uploads\/2015\/04\/suffragetten-10x6.jpg 10w, https:\/\/liquid-news.com\/e-zigaretten\/wp-content\/uploads\/2015\/04\/suffragetten-300x169.jpg 300w\" sizes=\"auto, (max-width: 540px) 100vw, 540px\" \/><p id=\"caption-attachment-8789\" class=\"wp-caption-text\">Ein Hoch auf den Pragmatismus&#8230;aber: Die Suffragetten war auch nicht gerade zu 1.000 unterwegs<\/p><\/div>\n<p>Das ist schade (ich bin leidenschaftlicher Demog\u00e4nger, denn selten sonst komme ich der direkten Demokratie praktisch so nahe), macht den Tag aber frei f\u00fcr andere n\u00fctzliche Aktivit\u00e4ten :)<\/p>\n<h3>Wieso also nicht Aufkl\u00e4rung statt Protest?<\/h3>\n<ul>\n<li>Bietet in Eurem Unternehmen einen Dampf-Workshop an.<\/li>\n<li>Schlagt den Biologie- oder Berufsschullehrern Eurer Kinder vor, eine F&amp;A-Runde abzuhalten.<\/li>\n<li>Ladet die Raucher im Bekanntenkreis zur Tupperwareparty im n\u00e4chsten Vape-Store ein&#8230;oder<br \/>\nversammelt ebenjene in der heimischen H\u00fctte und ladet den Eigent\u00fcmer des Dampfladens Eures<br \/>\nVertrauens dazu.<\/li>\n<li>Und f\u00fcr diejenigen, die sich schon auf ihre Portion zivilen Widerstand gefreut hatten, sage ich nur: &#8222;Flash-Mob&#8220;. Es reicht schon, mit ein paar Mitdampfern und einer Auswahl feiner Aromen den lauschigen Abend zu durchwandeln und den Trauben rauchender Mitmenschen vor Clubs und Kneipen ein paar Z\u00fcge verschiedener Geschm\u00e4cker anzubieten (zwischenzeitliche Reinigung der Mundst\u00fccke und Zu-Hause-lassen moralischer Zeigefinger empfohlen).<\/li>\n<\/ul>\n<h3>Das klingt sch\u00f6n, aber auch dezent durchgeknallt, illusion\u00e4r, in jedem Fall m\u00fchsam, nach potenziellem \u00c4rger und Tropfen auf hei\u00dfen Steinen?<\/h3>\n<p>Alles wahr, aber von nix kommt nix. Um es mit Thich Nhat Hanh zu sagen: &#8222;Unsere Verabredung mit dem Leben findet immer im gegenw\u00e4rtigen Augenblick statt. Und der Treffpunkt unserer Verabredung ist genau da, wo wir uns gerade befinden.&#8220; Machen wir die Nicht-Demo zur Gelegenheit, stattdessen eine gemeinsame Verabredung mit dem Leben zu organisieren (Ich mach auch vor Pathos nicht halt, wenns ums Dampfen geht ;)<\/p>\n<p>In der ausgezeichneten, faktenbasierten und mit viel Leidenschaft zusammen getragenen Auswertung auf Rursus Blog \u201eZwischen und hinter den Zeile\u201c (siehe Link) findet Ihr alles N\u00f6tige an tiefer gehenden Hintergrund-Infos zum Download.<\/p>\n<p><strong>Weiterf\u00fchrende Links<\/strong><br \/>\n<a href=\"https:\/\/sciencecig.wordpress.com\/move\/\" target=\"_blank\" rel=\"noopener noreferrer\">m.o.v.e : Medical organizations supporting Vaping and electronic cigarettes<\/a><br \/>\n<a href=\"http:\/\/blog.rursus.de\/faktenbasierte-ausarbeitung\/\" target=\"_blank\" rel=\"noopener noreferrer\">Faktenbasierte Ausarbeitung zur E-Zigarette<\/a><br \/>\n<a href=\"http:\/\/www.oedc.at\/web\/index.php\/de\/aufruf-evp-2015\" target=\"_blank\" rel=\"noopener noreferrer\">AUFRUF: EUROPEAN VAPERS PROTEST 2015<\/a><br \/>\n<a href=\"http:\/\/ig-ed.org\/2015\/04\/stellungnahme-zum-european-vapers-protest-2015\/\" target=\"_blank\" rel=\"noopener noreferrer\">IG-ED Auf die Stra\u00dfe! Europaweite Demonstrationen in einem uneinigen Europa?<\/a><\/p>\n<p><strong>Weitere Themen<\/strong><br \/>\n<a href=\"https:\/\/liquid-news.com\/e-zigaretten\/wir-machen-dampf\/\" target=\"_blank\" rel=\"noopener\">Wir machen Dampf- Aktion vom 25.03.15<\/a><br \/>\n<a href=\"https:\/\/liquid-news.com\/e-zigaretten\/dkfz-dampfer-gefaehrden-die-gesamtbevoelkerung\/\" target=\"_blank\" rel=\"noopener\">DKFZ: Dampfer gef\u00e4hrden die Gesamtbev\u00f6lkerung<\/a><br \/>\n<a href=\"https:\/\/liquid-news.com\/e-zigaretten\/anfechtungsklage-gegen-artikel-20-der-eu-tabakrichtlinie\/\" target=\"_blank\" rel=\"noopener\">Anfechtungsklage gegen Artikel 20 der EU Tabakrichtlinie<\/a><br \/>\n<a href=\"https:\/\/liquid-news.com\/e-zigaretten\/keine-chemie-im-e-zigaretten-dampf\/\" target=\"_blank\" rel=\"noopener\">Keine Chemie im E-Zigaretten Dampf<\/a><br \/>\n<a href=\"https:\/\/liquid-news.com\/e-zigaretten\/meine-erste-e-zigarette\/\" target=\"_blank\" rel=\"noopener\">Meine erste e-Zigarette:Erfahrungsberichte<\/a><\/p><div class=\"ln-300-bottom ln-entity-placement\" id=\"ln-2338231919\"><div id=\"ln-3806741920\"><a href=\"https:\/\/a.check24.net\/misc\/click.php?pid=120053&amp;aid=18&amp;deep=stromanbieter-wechseln&amp;cat=1\" target=\"_blank\" rel=\"nofollow sponsered noopener\"><img loading=\"lazy\" decoding=\"async\" class=\"alignnone wp-image-6520 size-full\" src=\"https:\/\/liquid-news.com\/wp-content\/uploads\/2024\/02\/Check24Stromanbieter.jpg\" alt=\"\" width=\"300\" height=\"250\" \/><\/a><\/div><\/div>\n","protected":false},"excerpt":{"rendered":"<p>Dampfer Aktivismus \u2013 Mittwoch 08.04.2015 Jeden Mittwoch ver\u00f6ffentlichen wir an dieser Stelle Ideen und M\u00f6glichkeiten, sich f\u00fcr das Dampfen aktiv einzusetzen, \u00dcberregulierungen mit Mut zur Wut entgegenzutreten und die Freiheit der E-Zigarette zu sichern. Das Spektrum reicht vom Slacktivism bis zur Kampagnen-Orga, vom privaten Wirken bis zur politischen Aktion \u2013 f\u00fcr alle ist was dabei [&hellip;]<\/p>\n","protected":false},"author":3,"featured_media":8792,"comment_status":"open","ping_status":"open","sticky":false,"template":"","format":"standard","meta":{"footnotes":""},"categories":[6],"tags":[],"class_list":["post-8783","post","type-post","status-publish","format-standard","has-post-thumbnail","hentry","category-news"],"yoast_head":"<!-- This site is optimized with the Yoast SEO plugin v27.5 - https:\/\/yoast.com\/product\/yoast-seo-wordpress\/ -->\n<title>Wir machen Dampf - m.o.v.e. - LIQUID-NEWS<\/title>\n<meta name=\"description\" content=\"Aufkl\u00e4rungskampagnen zur elektronischen Zigarette. Was k\u00f6nnen wir tun um die eZigarette zu erhalten.\" \/>\n<meta name=\"robots\" content=\"index, follow, max-snippet:-1, max-image-preview:large, max-video-preview:-1\" \/>\n<link rel=\"canonical\" href=\"https:\/\/liquid-news.com\/e-zigaretten\/wir-machen-dampf-m-o-v-e\/\" \/>\n<meta property=\"og:locale\" content=\"de_DE\" \/>\n<meta property=\"og:type\" content=\"article\" \/>\n<meta property=\"og:title\" content=\"Wir machen Dampf - m.o.v.e. - LIQUID-NEWS\" \/>\n<meta property=\"og:description\" content=\"Aufkl\u00e4rungskampagnen zur elektronischen Zigarette. Was k\u00f6nnen wir tun um die eZigarette zu erhalten.\" \/>\n<meta property=\"og:url\" content=\"https:\/\/liquid-news.com\/e-zigaretten\/wir-machen-dampf-m-o-v-e\/\" \/>\n<meta property=\"og:site_name\" content=\"ezigaretten\" \/>\n<meta property=\"article:publisher\" content=\"https:\/\/www.facebook.com\/pages\/Liquid-News\/547479922011571\" \/>\n<meta property=\"article:author\" content=\"https:\/\/www.facebook.com\/pages\/Liquid-News\/547479922011571\" \/>\n<meta property=\"article:published_time\" content=\"2015-04-08T17:00:00+00:00\" \/>\n<meta property=\"article:modified_time\" content=\"2020-08-14T00:01:26+00:00\" \/>\n<meta property=\"og:image\" content=\"https:\/\/liquid-news.com\/e-zigaretten\/wp-content\/uploads\/2015\/04\/wir-machen-dampf-move.jpg\" \/>\n\t<meta property=\"og:image:width\" content=\"375\" \/>\n\t<meta property=\"og:image:height\" content=\"200\" \/>\n\t<meta property=\"og:image:type\" content=\"image\/jpeg\" \/>\n<meta name=\"author\" content=\"Sonia\" \/>\n<meta name=\"twitter:card\" content=\"summary_large_image\" \/>\n<meta name=\"twitter:creator\" content=\"@NewsLiquid\" \/>\n<meta name=\"twitter:site\" content=\"@LiquidNews\" \/>\n<meta name=\"twitter:label1\" content=\"Verfasst von\" \/>\n\t<meta name=\"twitter:data1\" content=\"Sonia\" \/>\n\t<meta name=\"twitter:label2\" content=\"Gesch\u00e4tzte Lesezeit\" \/>\n\t<meta name=\"twitter:data2\" content=\"5\u00a0Minuten\" \/>\n<script type=\"application\/ld+json\" class=\"yoast-schema-graph\">{\"@context\":\"https:\\\/\\\/schema.org\",\"@graph\":[{\"@type\":\"Article\",\"@id\":\"https:\\\/\\\/liquid-news.com\\\/e-zigaretten\\\/wir-machen-dampf-m-o-v-e\\\/#article\",\"isPartOf\":{\"@id\":\"https:\\\/\\\/liquid-news.com\\\/e-zigaretten\\\/wir-machen-dampf-m-o-v-e\\\/\"},\"author\":{\"name\":\"Sonia\",\"@id\":\"https:\\\/\\\/1ln.liquid-news.com\\\/e-zigaretten\\\/#\\\/schema\\\/person\\\/1c9f384ca223e16bb2099076bc889d9f\"},\"headline\":\"Wir machen Dampf! &#8211; m.o.v.e.\",\"datePublished\":\"2015-04-08T17:00:00+00:00\",\"dateModified\":\"2020-08-14T00:01:26+00:00\",\"mainEntityOfPage\":{\"@id\":\"https:\\\/\\\/liquid-news.com\\\/e-zigaretten\\\/wir-machen-dampf-m-o-v-e\\\/\"},\"wordCount\":988,\"commentCount\":0,\"image\":{\"@id\":\"https:\\\/\\\/liquid-news.com\\\/e-zigaretten\\\/wir-machen-dampf-m-o-v-e\\\/#primaryimage\"},\"thumbnailUrl\":\"https:\\\/\\\/liquid-news.com\\\/e-zigaretten\\\/wp-content\\\/uploads\\\/2015\\\/04\\\/wir-machen-dampf-move.jpg\",\"articleSection\":[\"News\"],\"inLanguage\":\"de\",\"potentialAction\":[{\"@type\":\"CommentAction\",\"name\":\"Comment\",\"target\":[\"https:\\\/\\\/liquid-news.com\\\/e-zigaretten\\\/wir-machen-dampf-m-o-v-e\\\/#respond\"]}]},{\"@type\":\"WebPage\",\"@id\":\"https:\\\/\\\/liquid-news.com\\\/e-zigaretten\\\/wir-machen-dampf-m-o-v-e\\\/\",\"url\":\"https:\\\/\\\/liquid-news.com\\\/e-zigaretten\\\/wir-machen-dampf-m-o-v-e\\\/\",\"name\":\"Wir machen Dampf - m.o.v.e. - LIQUID-NEWS\",\"isPartOf\":{\"@id\":\"https:\\\/\\\/1ln.liquid-news.com\\\/e-zigaretten\\\/#website\"},\"primaryImageOfPage\":{\"@id\":\"https:\\\/\\\/liquid-news.com\\\/e-zigaretten\\\/wir-machen-dampf-m-o-v-e\\\/#primaryimage\"},\"image\":{\"@id\":\"https:\\\/\\\/liquid-news.com\\\/e-zigaretten\\\/wir-machen-dampf-m-o-v-e\\\/#primaryimage\"},\"thumbnailUrl\":\"https:\\\/\\\/liquid-news.com\\\/e-zigaretten\\\/wp-content\\\/uploads\\\/2015\\\/04\\\/wir-machen-dampf-move.jpg\",\"datePublished\":\"2015-04-08T17:00:00+00:00\",\"dateModified\":\"2020-08-14T00:01:26+00:00\",\"author\":{\"@id\":\"https:\\\/\\\/1ln.liquid-news.com\\\/e-zigaretten\\\/#\\\/schema\\\/person\\\/1c9f384ca223e16bb2099076bc889d9f\"},\"description\":\"Aufkl\u00e4rungskampagnen zur elektronischen Zigarette. Was k\u00f6nnen wir tun um die eZigarette zu erhalten.\",\"breadcrumb\":{\"@id\":\"https:\\\/\\\/liquid-news.com\\\/e-zigaretten\\\/wir-machen-dampf-m-o-v-e\\\/#breadcrumb\"},\"inLanguage\":\"de\",\"potentialAction\":[{\"@type\":\"ReadAction\",\"target\":[\"https:\\\/\\\/liquid-news.com\\\/e-zigaretten\\\/wir-machen-dampf-m-o-v-e\\\/\"]}]},{\"@type\":\"ImageObject\",\"inLanguage\":\"de\",\"@id\":\"https:\\\/\\\/liquid-news.com\\\/e-zigaretten\\\/wir-machen-dampf-m-o-v-e\\\/#primaryimage\",\"url\":\"https:\\\/\\\/liquid-news.com\\\/e-zigaretten\\\/wp-content\\\/uploads\\\/2015\\\/04\\\/wir-machen-dampf-move.jpg\",\"contentUrl\":\"https:\\\/\\\/liquid-news.com\\\/e-zigaretten\\\/wp-content\\\/uploads\\\/2015\\\/04\\\/wir-machen-dampf-move.jpg\",\"width\":375,\"height\":200,\"caption\":\"Wir machen Dampf\"},{\"@type\":\"BreadcrumbList\",\"@id\":\"https:\\\/\\\/liquid-news.com\\\/e-zigaretten\\\/wir-machen-dampf-m-o-v-e\\\/#breadcrumb\",\"itemListElement\":[{\"@type\":\"ListItem\",\"position\":1,\"name\":\"Home\",\"item\":\"https:\\\/\\\/liquid-news.com\\\/e-zigaretten\\\/\"},{\"@type\":\"ListItem\",\"position\":2,\"name\":\"Wir machen Dampf! &#8211; m.o.v.e.\"}]},{\"@type\":\"WebSite\",\"@id\":\"https:\\\/\\\/1ln.liquid-news.com\\\/e-zigaretten\\\/#website\",\"url\":\"https:\\\/\\\/1ln.liquid-news.com\\\/e-zigaretten\\\/\",\"name\":\"ezigaretten\",\"description\":\"Das Online Magazin f\u00fcr e-Zigaretten und Liquids\",\"potentialAction\":[{\"@type\":\"SearchAction\",\"target\":{\"@type\":\"EntryPoint\",\"urlTemplate\":\"https:\\\/\\\/1ln.liquid-news.com\\\/e-zigaretten\\\/?s={search_term_string}\"},\"query-input\":{\"@type\":\"PropertyValueSpecification\",\"valueRequired\":true,\"valueName\":\"search_term_string\"}}],\"inLanguage\":\"de\"},{\"@type\":\"Person\",\"@id\":\"https:\\\/\\\/1ln.liquid-news.com\\\/e-zigaretten\\\/#\\\/schema\\\/person\\\/1c9f384ca223e16bb2099076bc889d9f\",\"name\":\"Sonia\",\"sameAs\":[\"https:\\\/\\\/www.facebook.com\\\/pages\\\/Liquid-News\\\/547479922011571\",\"https:\\\/\\\/x.com\\\/NewsLiquid\"]}]}<\/script>\n<!-- \/ Yoast SEO plugin. -->","yoast_head_json":{"title":"Wir machen Dampf - m.o.v.e. - LIQUID-NEWS","description":"Aufkl\u00e4rungskampagnen zur elektronischen Zigarette. Was k\u00f6nnen wir tun um die eZigarette zu erhalten.","robots":{"index":"index","follow":"follow","max-snippet":"max-snippet:-1","max-image-preview":"max-image-preview:large","max-video-preview":"max-video-preview:-1"},"canonical":"https:\/\/liquid-news.com\/e-zigaretten\/wir-machen-dampf-m-o-v-e\/","og_locale":"de_DE","og_type":"article","og_title":"Wir machen Dampf - m.o.v.e. - LIQUID-NEWS","og_description":"Aufkl\u00e4rungskampagnen zur elektronischen Zigarette. Was k\u00f6nnen wir tun um die eZigarette zu erhalten.","og_url":"https:\/\/liquid-news.com\/e-zigaretten\/wir-machen-dampf-m-o-v-e\/","og_site_name":"ezigaretten","article_publisher":"https:\/\/www.facebook.com\/pages\/Liquid-News\/547479922011571","article_author":"https:\/\/www.facebook.com\/pages\/Liquid-News\/547479922011571","article_published_time":"2015-04-08T17:00:00+00:00","article_modified_time":"2020-08-14T00:01:26+00:00","og_image":[{"width":375,"height":200,"url":"https:\/\/liquid-news.com\/e-zigaretten\/wp-content\/uploads\/2015\/04\/wir-machen-dampf-move.jpg","type":"image\/jpeg"}],"author":"Sonia","twitter_card":"summary_large_image","twitter_creator":"@NewsLiquid","twitter_site":"@LiquidNews","twitter_misc":{"Verfasst von":"Sonia","Gesch\u00e4tzte Lesezeit":"5\u00a0Minuten"},"schema":{"@context":"https:\/\/schema.org","@graph":[{"@type":"Article","@id":"https:\/\/liquid-news.com\/e-zigaretten\/wir-machen-dampf-m-o-v-e\/#article","isPartOf":{"@id":"https:\/\/liquid-news.com\/e-zigaretten\/wir-machen-dampf-m-o-v-e\/"},"author":{"name":"Sonia","@id":"https:\/\/1ln.liquid-news.com\/e-zigaretten\/#\/schema\/person\/1c9f384ca223e16bb2099076bc889d9f"},"headline":"Wir machen Dampf! &#8211; m.o.v.e.","datePublished":"2015-04-08T17:00:00+00:00","dateModified":"2020-08-14T00:01:26+00:00","mainEntityOfPage":{"@id":"https:\/\/liquid-news.com\/e-zigaretten\/wir-machen-dampf-m-o-v-e\/"},"wordCount":988,"commentCount":0,"image":{"@id":"https:\/\/liquid-news.com\/e-zigaretten\/wir-machen-dampf-m-o-v-e\/#primaryimage"},"thumbnailUrl":"https:\/\/liquid-news.com\/e-zigaretten\/wp-content\/uploads\/2015\/04\/wir-machen-dampf-move.jpg","articleSection":["News"],"inLanguage":"de","potentialAction":[{"@type":"CommentAction","name":"Comment","target":["https:\/\/liquid-news.com\/e-zigaretten\/wir-machen-dampf-m-o-v-e\/#respond"]}]},{"@type":"WebPage","@id":"https:\/\/liquid-news.com\/e-zigaretten\/wir-machen-dampf-m-o-v-e\/","url":"https:\/\/liquid-news.com\/e-zigaretten\/wir-machen-dampf-m-o-v-e\/","name":"Wir machen Dampf - m.o.v.e. - LIQUID-NEWS","isPartOf":{"@id":"https:\/\/1ln.liquid-news.com\/e-zigaretten\/#website"},"primaryImageOfPage":{"@id":"https:\/\/liquid-news.com\/e-zigaretten\/wir-machen-dampf-m-o-v-e\/#primaryimage"},"image":{"@id":"https:\/\/liquid-news.com\/e-zigaretten\/wir-machen-dampf-m-o-v-e\/#primaryimage"},"thumbnailUrl":"https:\/\/liquid-news.com\/e-zigaretten\/wp-content\/uploads\/2015\/04\/wir-machen-dampf-move.jpg","datePublished":"2015-04-08T17:00:00+00:00","dateModified":"2020-08-14T00:01:26+00:00","author":{"@id":"https:\/\/1ln.liquid-news.com\/e-zigaretten\/#\/schema\/person\/1c9f384ca223e16bb2099076bc889d9f"},"description":"Aufkl\u00e4rungskampagnen zur elektronischen Zigarette. Was k\u00f6nnen wir tun um die eZigarette zu erhalten.","breadcrumb":{"@id":"https:\/\/liquid-news.com\/e-zigaretten\/wir-machen-dampf-m-o-v-e\/#breadcrumb"},"inLanguage":"de","potentialAction":[{"@type":"ReadAction","target":["https:\/\/liquid-news.com\/e-zigaretten\/wir-machen-dampf-m-o-v-e\/"]}]},{"@type":"ImageObject","inLanguage":"de","@id":"https:\/\/liquid-news.com\/e-zigaretten\/wir-machen-dampf-m-o-v-e\/#primaryimage","url":"https:\/\/liquid-news.com\/e-zigaretten\/wp-content\/uploads\/2015\/04\/wir-machen-dampf-move.jpg","contentUrl":"https:\/\/liquid-news.com\/e-zigaretten\/wp-content\/uploads\/2015\/04\/wir-machen-dampf-move.jpg","width":375,"height":200,"caption":"Wir machen Dampf"},{"@type":"BreadcrumbList","@id":"https:\/\/liquid-news.com\/e-zigaretten\/wir-machen-dampf-m-o-v-e\/#breadcrumb","itemListElement":[{"@type":"ListItem","position":1,"name":"Home","item":"https:\/\/liquid-news.com\/e-zigaretten\/"},{"@type":"ListItem","position":2,"name":"Wir machen Dampf! &#8211; m.o.v.e."}]},{"@type":"WebSite","@id":"https:\/\/1ln.liquid-news.com\/e-zigaretten\/#website","url":"https:\/\/1ln.liquid-news.com\/e-zigaretten\/","name":"ezigaretten","description":"Das Online Magazin f\u00fcr e-Zigaretten und Liquids","potentialAction":[{"@type":"SearchAction","target":{"@type":"EntryPoint","urlTemplate":"https:\/\/1ln.liquid-news.com\/e-zigaretten\/?s={search_term_string}"},"query-input":{"@type":"PropertyValueSpecification","valueRequired":true,"valueName":"search_term_string"}}],"inLanguage":"de"},{"@type":"Person","@id":"https:\/\/1ln.liquid-news.com\/e-zigaretten\/#\/schema\/person\/1c9f384ca223e16bb2099076bc889d9f","name":"Sonia","sameAs":["https:\/\/www.facebook.com\/pages\/Liquid-News\/547479922011571","https:\/\/x.com\/NewsLiquid"]}]}},"_links":{"self":[{"href":"https:\/\/liquid-news.com\/e-zigaretten\/wp-json\/wp\/v2\/posts\/8783","targetHints":{"allow":["GET"]}}],"collection":[{"href":"https:\/\/liquid-news.com\/e-zigaretten\/wp-json\/wp\/v2\/posts"}],"about":[{"href":"https:\/\/liquid-news.com\/e-zigaretten\/wp-json\/wp\/v2\/types\/post"}],"author":[{"embeddable":true,"href":"https:\/\/liquid-news.com\/e-zigaretten\/wp-json\/wp\/v2\/users\/3"}],"replies":[{"embeddable":true,"href":"https:\/\/liquid-news.com\/e-zigaretten\/wp-json\/wp\/v2\/comments?post=8783"}],"version-history":[{"count":0,"href":"https:\/\/liquid-news.com\/e-zigaretten\/wp-json\/wp\/v2\/posts\/8783\/revisions"}],"wp:featuredmedia":[{"embeddable":true,"href":"https:\/\/liquid-news.com\/e-zigaretten\/wp-json\/wp\/v2\/media\/8792"}],"wp:attachment":[{"href":"https:\/\/liquid-news.com\/e-zigaretten\/wp-json\/wp\/v2\/media?parent=8783"}],"wp:term":[{"taxonomy":"category","embeddable":true,"href":"https:\/\/liquid-news.com\/e-zigaretten\/wp-json\/wp\/v2\/categories?post=8783"},{"taxonomy":"post_tag","embeddable":true,"href":"https:\/\/liquid-news.com\/e-zigaretten\/wp-json\/wp\/v2\/tags?post=8783"}],"curies":[{"name":"wp","href":"https:\/\/api.w.org\/{rel}","templated":true}]}}