{"id":8693,"date":"2015-03-25T16:30:00","date_gmt":"2015-03-25T16:30:00","guid":{"rendered":"http:\/\/liquid-news.de\/?p=8693"},"modified":"2020-08-14T00:03:36","modified_gmt":"2020-08-14T00:03:36","slug":"wir-machen-dampf","status":"publish","type":"post","link":"https:\/\/liquid-news.com\/e-zigaretten\/wir-machen-dampf\/","title":{"rendered":"Wir machen Dampf!"},"content":{"rendered":"<p><img loading=\"lazy\" decoding=\"async\" class=\"aligncenter size-full wp-image-8707\" src=\"https:\/\/liquid-news.com\/e-zigaretten\/wp-content\/uploads\/2015\/03\/wir-machen-dampf-fuer-die-ezigarette.jpg\" alt=\"Wir machen Dampf - F\u00fcr die E-Zigarette\" width=\"436\" height=\"291\" srcset=\"https:\/\/liquid-news.com\/e-zigaretten\/wp-content\/uploads\/2015\/03\/wir-machen-dampf-fuer-die-ezigarette.jpg 436w, https:\/\/liquid-news.com\/e-zigaretten\/wp-content\/uploads\/2015\/03\/wir-machen-dampf-fuer-die-ezigarette-10x7.jpg 10w, https:\/\/liquid-news.com\/e-zigaretten\/wp-content\/uploads\/2015\/03\/wir-machen-dampf-fuer-die-ezigarette-300x200.jpg 300w\" sizes=\"auto, (max-width: 436px) 100vw, 436px\" \/><\/p>\n<h1>WIR MACHEN DAMPF &#8211; PRO E-ZIGARETTE<\/h1>\n<p><strong><em>Mittwoch 25.03.2015<\/em><\/strong><\/p><div class=\"ln-132-firstparagraph ln-entity-placement\" id=\"ln-270595477\"><div id=\"ln-4249899248\"><a href=\"https:\/\/a.check24.net\/misc\/click.php?pid=120053&amp;aid=18&amp;deep=stromanbieter-wechseln&amp;cat=1\" target=\"_blank\" rel=\"nofollow sponsered noopener\"><img loading=\"lazy\" decoding=\"async\" class=\"alignnone wp-image-6520 size-full\" src=\"https:\/\/liquid-news.com\/wp-content\/uploads\/2024\/02\/Check24Stromanbieter.jpg\" alt=\"\" width=\"300\" height=\"250\" \/><\/a><\/div><\/div>\n<hr \/>\n<p style=\"text-align: justify;\">Jeden Mittwoch ver\u00f6ffentlichen wir an dieser Stelle Ideen und M\u00f6glichkeiten, sich f\u00fcr das Dampfen aktiv einzusetzen, \u00dcberregulierungen mit Mut zur Wut entgegenzutreten und die <strong>Freiheit der E-Zigarette<\/strong> zu sichern. Das Spektrum reicht vom Slacktivism bis zur Kampagnen-Orga, vom privaten Wirken bis zur politischen Aktion \u2013 f\u00fcr alle ist was dabei und alles l\u00e4sst sich sofort und in einer Woche umsetzen.<\/p>\n<p style=\"text-align: justify;\">Wer sich vorab so richtig in Stimmung bringen will, dem sei das nicht-zu-toppende Protestvideo von Jayden Lyrics (feat. Philgood) ans gesunde Herz gelegt: &#8222;Mut zur Wut&#8220;. &#8222;Ich mach jetzt Dampf, weil ich mein Leben lieb. Ihr wollt mir mein Liquid nehmen? Nein, Mann, negativ.&#8220; Sage noch einer, Deutschrap w\u00e4re sinnentleert&#8230;<\/p>\n<div class='avia-iframe-wrap'><iframe loading=\"lazy\" title=\"Jayden Lyrics (feat. Philgood) - &quot;Mut zur Wut&quot;\" width=\"1500\" height=\"844\" src=\"https:\/\/www.youtube.com\/embed\/Qt7f1DrCgjA?feature=oembed\" frameborder=\"0\" allow=\"accelerometer; autoplay; encrypted-media; gyroscope; picture-in-picture\" allowfullscreen><\/iframe><\/div>\n<hr \/>\n<h2>1.Informiert Entscheidungstr\u00e4ger wie Eure Chefs, Eure Vereine oder Eure \u00c4rzte durch sorgf\u00e4ltig zusammengestelltes Datenmaterial zur E-Zigarette!<\/h2>\n<p style=\"text-align: justify;\">Der englische Dampfaktivist Clive Bates (<a title=\"Clive Bates: eZigarette-Aktivist, ohne je gedampft zu haben\" href=\"https:\/\/liquid-news.com\/e-zigaretten\/clive-bates-oder-warum-man-ecigarette-aktivist-wird-ohne-je-gedampft-zu-haben\/\" target=\"_blank\" rel=\"noopener noreferrer\">Clive Bates Dampf-Aktivist<\/a>) hat eine sehr sorgf\u00e4ltig belegte und neutral formulierte Zusammenfassung des derzeitigen Kenntnisstandes zum Dampfen auch im Zusammenhang mit dem therapeutischen Ansatz zur Schadensminimierung (&#8222;Harm-Reduction&#8220;) zusammengestellt.<\/p>\n<p style=\"text-align: justify;\"><a href=\"http:\/\/www.clivebates.com\/documents\/vapebriefing.pdf\"><img loading=\"lazy\" decoding=\"async\" class=\"aligncenter wp-image-8696\" src=\"https:\/\/liquid-news.com\/e-zigaretten\/wp-content\/uploads\/2015\/03\/CliveBates-PDF.jpg\" alt=\"The counterfactual\" width=\"1118\" height=\"609\" srcset=\"https:\/\/liquid-news.com\/e-zigaretten\/wp-content\/uploads\/2015\/03\/CliveBates-PDF.jpg 1252w, https:\/\/liquid-news.com\/e-zigaretten\/wp-content\/uploads\/2015\/03\/CliveBates-PDF-10x5.jpg 10w, https:\/\/liquid-news.com\/e-zigaretten\/wp-content\/uploads\/2015\/03\/CliveBates-PDF-300x163.jpg 300w, https:\/\/liquid-news.com\/e-zigaretten\/wp-content\/uploads\/2015\/03\/CliveBates-PDF-1024x558.jpg 1024w, https:\/\/liquid-news.com\/e-zigaretten\/wp-content\/uploads\/2015\/03\/CliveBates-PDF-239x130.jpg 239w\" sizes=\"auto, (max-width: 1118px) 100vw, 1118px\" \/><\/a><\/p>\n<p style=\"padding-left: 60px;\">Das Original findet Ihr hier: <a href=\"http:\/\/www.clivebates.com\/documents\/vapebriefing.pdf\" target=\"_blank\" rel=\"noopener noreferrer\">Clive Bates Vapebriefing<\/a><\/p>\n<p style=\"text-align: justify;\">Dankenswerterweise hat die Interessengemeinschaft E-Dampfen (IG-ED) dieses Manual \u00fcbersetzt und zum Download verf\u00fcgbar gemacht (<a href=\"http:\/\/ig-ed.org\/2015\/03\/dampfen-fuer-entscheider\/\" target=\"_blank\" rel=\"noopener noreferrer\">Dampfen f\u00fcr Entscheider<\/a>). Ihr bekommt das PDF &#8222;Die Politik, die Wissenschaft und die E-Zigarette bzw. das Dampfen\u2013 Eine Zusammenfassung f\u00fcr Entscheidungstr\u00e4ger von Clive Bates&#8220; unter diesem Link: <a href=\"http:\/\/ig-ed.org\/wp-content\/uploads\/2015\/03\/vapebriefing-D1.pdf\" target=\"_blank\" rel=\"noopener noreferrer\">E-Zigaretten, Dampfen und das Gesundheitswesen<\/a><\/p>\n<p style=\"text-align: justify;\">Das Dokument liefert eine ausgezeichnete Argumentationsgrundlage, um mit Dampf-Kritikern zu diskutieren. Es eignet sich auch, um interessierten Multiplikatoren eine Faktenquelle an die Hand zu geben, wenn diese etwa eine informierte Entscheidung treffen m\u00f6chten, ob in ihrem Unternehmen oder ihren R\u00e4umlichkeiten gedampft werden darf oder ob sie ihren Patienten das Dampfen empfehlen sollten.<\/p>\n<p style=\"text-align: justify;\">Stellt einfach den Link zum Dokumente-Download zur Verf\u00fcgung; die IG-ED beantwortet daraus entstehende Fragen sicher auch gerne.<\/p>\n<p>&nbsp;<\/p>\n<h2>2.Unterst\u00fctzt die &#8222;Totally Wicked&#8220;- Anfechtungsklage gegen Artikel 20 der EU Tabakrichtlinie!<\/h2>\n<p><a href=\"http:\/\/article20legalchallenge.com\/\" target=\"_blank\" rel=\"noopener noreferrer\"><img loading=\"lazy\" decoding=\"async\" class=\"aligncenter size-full wp-image-8636\" src=\"https:\/\/liquid-news.com\/e-zigaretten\/wp-content\/uploads\/2015\/03\/Legal-Challenge-Webseite.jpg\" alt=\"Anfechtungsklage gegen TPD\" width=\"678\" height=\"418\" srcset=\"https:\/\/liquid-news.com\/e-zigaretten\/wp-content\/uploads\/2015\/03\/Legal-Challenge-Webseite.jpg 678w, https:\/\/liquid-news.com\/e-zigaretten\/wp-content\/uploads\/2015\/03\/Legal-Challenge-Webseite-10x6.jpg 10w, https:\/\/liquid-news.com\/e-zigaretten\/wp-content\/uploads\/2015\/03\/Legal-Challenge-Webseite-300x185.jpg 300w\" sizes=\"auto, (max-width: 678px) 100vw, 678px\" \/><\/a><\/p>\n<p>Ihr findet alle weiteren Hintergrundinformationen hierzu in unserem entsprechenden Artikel: <a href=\"https:\/\/liquid-news.com\/e-zigaretten\/anfechtungsklage-gegen-artikel-20-der-eu-tabakrichtlinie\/\" target=\"_blank\" rel=\"noopener noreferrer\">Anfechtungsklage gegen Artikel 20 der EU-Tabakrichtlinie<\/a>. Unsere letzte Aktion hierzu war sehr erfolgreich.<\/p>\n<p>Falls Ihr sofort t\u00e4tig werden wollt, hier geht&#8217;s direkt zur &#8222;<a href=\"http:\/\/article20legalchallenge.com\/\" target=\"_blank\" rel=\"noopener noreferrer\">Legal Challenge<\/a>&#8222;:<\/p>\n<p>F\u00fcr alle, die im Englischen nicht so fit sind: Die Unterst\u00fctzung der Aktion f\u00fchrt ihr durch, indem ihr auf der Webseite \u201cSupport THE LEGAL CHALLENGE\u201d klickt.<\/p>\n<h2>3.Verf\u00fchrt die teer-m\u00fcden Sinne Eurer Mitmenschen!<\/h2>\n<p style=\"text-align: justify;\">Nachdem ich jetzt seit etwa zwei Jahren extensive (wenn auch nicht wissenschaftlichen Kriterien standhaltende) verhaltenspsychologische Beobachtungen zur Dampfevolution gemacht habe, sch\u00e4tze ich die Relevanz der sinnlichen Komponente des Umstiegs vom Rauchen zum Dampfen h\u00f6her ein den je.<\/p>\n<p style=\"text-align: justify;\">Dampfen ist einfach das haptisch, optisch, gustatorisch und olfaktorisch ansprechendere Vergn\u00fcgen. Deshalb: Bekehrt nicht \u2013 verf\u00fchrt! F\u00fchrt Eure rauchende Umwelt in das gesamte Kaleidoskop des Dampf-Universums ein!<\/p>\n<p style=\"text-align: justify;\">Abgesehen vom Bling-Bling schicker Ger\u00e4te und der tropischen Verz\u00fcckung Eures neuesten Mango-Liquids k\u00f6nnt Ihr zur mentalen Unterst\u00fctzung stets ein paar Print-Ausgaben des monatlich erscheinenden Dampfer-Magazins zum zuf\u00e4lligen Herumliegen parat haben, zuhause wie am Arbeitsplatz, zum Ausleihen und Verschenken. Die vielen pr\u00e4zisen Fotos, das angenehme Layout und die journalistische Qualit\u00e4t reflektieren unnachahmlich, was f\u00fcr ein sinnlicher Genuss das Dampfen ist und in welcher Weise es die Kreativit\u00e4t anregt (ich verweise nur auf den abgefahrenen Steampunk-Schwerpunkt der letzten Ausgabe).<\/p>\n<p style=\"text-align: justify;\"><a href=\"https:\/\/liquid-news.com\/e-zigaretten\/wir-machen-dampf\/\"><img loading=\"lazy\" decoding=\"async\" class=\"alignleft wp-image-8695 size-full\" src=\"https:\/\/liquid-news.com\/e-zigaretten\/wp-content\/uploads\/2015\/03\/dampfer-magazin.png\" alt=\"Dampfer Magazin\" width=\"320\" height=\"453\" srcset=\"https:\/\/liquid-news.com\/e-zigaretten\/wp-content\/uploads\/2015\/03\/dampfer-magazin.png 320w, https:\/\/liquid-news.com\/e-zigaretten\/wp-content\/uploads\/2015\/03\/dampfer-magazin-10x14.png 10w, https:\/\/liquid-news.com\/e-zigaretten\/wp-content\/uploads\/2015\/03\/dampfer-magazin-212x300.png 212w\" sizes=\"auto, (max-width: 320px) 100vw, 320px\" \/><\/a><\/p>\n<p>Hier gibt&#8217;s sowohl die Print-Ausgaben wie den Download-Link zur jeweils neuesten Ausgabe:<\/p>\n<p style=\"padding-left: 60px;\"><a href=\"https:\/\/www.dampfer-magazin.de\/magazin-download\/druck-ausgabe\/\" target=\"_blank\" rel=\"noopener noreferrer\">Dampfer Magazin Printausgabe<\/a><\/p>\n<p>Hier habt Ihr noch bis zum 28.03. Zeit, an der Sammelbestellung teilzunehmen:<\/p>\n<p><a href=\"https:\/\/www.dampfer-magazin.de\/bestellung-der-printausgabe-042015\/\" target=\"_blank\" rel=\"noopener noreferrer\">Zur Sammelbestellung<\/a><\/p>\n<p>(\u00dcbrigens, das hier ist kein Fall subtiler Cross-Promotion \u2013 die netten Kollegen wissen nicht einmal, dass ich diese Zeilen schreibe. Aber gemeinsam sind wir stark und k\u00f6nnen etwas bewegen.)<\/p>\n<p><strong>Weitere Themen<\/strong><br \/>\n<a title=\"Ziviler Widerstand: Auf f\u00fcnf einfachen Wegen zum E-Zigaretten-Aktivisten werden\" href=\"https:\/\/liquid-news.com\/e-zigaretten\/ziviler-widerstand-auf-fuenf-einfachen-wegen-zum-e-zigaretten-aktivisten-werden\/\" target=\"_blank\" rel=\"noopener noreferrer\">Ziviler Ungehorsam: Auf f\u00fcnf einfachen Wegen zum Dampf-Aktivisten<\/a><br \/>\n<a title=\"Erste Dampfer-Partei gegr\u00fcndet\" href=\"https:\/\/liquid-news.com\/e-zigaretten\/erste-dampfer-partei-gegruendet\/\" target=\"_blank\" rel=\"noopener noreferrer\">Erste Dampfer-Partei gegr\u00fcndet<\/a><br \/>\n<a title=\"Anfechtungsklage gegen Artikel 20 der EU Tabakrichtlinie\" href=\"https:\/\/liquid-news.com\/e-zigaretten\/anfechtungsklage-gegen-artikel-20-der-eu-tabakrichtlinie\/\" target=\"_blank\" rel=\"noopener noreferrer\">Anfechtungsklage gegen Artikel 20 der EU Tabakrichtlinie<\/a><br \/>\n<a title=\"Demokratie leben: Ihre politische Stimme f\u00fcrs Dampfen\" href=\"https:\/\/liquid-news.com\/e-zigaretten\/demokratie-leben-ihre-politische-stimme-fuers-dampfen\/\" target=\"_blank\" rel=\"noopener noreferrer\">Demokratie leben: Eure politische Stimme f\u00fcrs Dampfen<\/a><br \/>\n<a title=\"Vom Dampfen und dem Recht auf Leben\" href=\"https:\/\/liquid-news.com\/e-zigaretten\/vom-dampfen-und-dem-recht-auf-leben\/\">Vom Dampfen und dem Recht auf Leben<\/a><\/p>\n<p><strong>Aktiv dabei sein<\/strong><\/p>\n<p>Tragt euch in unseren Dampf-Aktivisten Newsletter ein. Wir informieren euch jeden Mittwoch \u00fcber unsere n\u00e4chste Aktion. Dieser Newsletter wird ausschlie\u00dflich f\u00fcr unsere Dampf-Aktionen genutzt. Eine weitere Verwendung findet nicht statt. Selbstverst\u00e4ndlich werden die Daten auch nicht an Dritte weitergegeben.<\/p>\n<p><a title=\"ich bin dabei - Dampf Aktivist\" href=\"http:\/\/eepurl.com\/bh0PUP\" target=\"_blank\" rel=\"noopener noreferrer\">Anmeldung zum Dampf-Aktivist Newsletter<\/a><\/p><div class=\"ln-300-bottom ln-entity-placement\" id=\"ln-2774456183\"><div id=\"ln-2717012913\"><a href=\"https:\/\/a.check24.net\/misc\/click.php?pid=120053&amp;aid=120&amp;deep=oekostrom\" target=\"_blank\" rel=\"nofollow sponsered noopener\"><img loading=\"lazy\" decoding=\"async\" class=\"aligncenter wp-image-6535 size-full\" src=\"https:\/\/liquid-news.com\/wp-content\/uploads\/2024\/04\/Check24OStrom.jpg\" alt=\"\" width=\"300\" height=\"250\" \/><\/a><\/div><\/div>\n","protected":false},"excerpt":{"rendered":"<p>WIR MACHEN DAMPF &#8211; PRO E-ZIGARETTE Mittwoch 25.03.2015 Jeden Mittwoch ver\u00f6ffentlichen wir an dieser Stelle Ideen und M\u00f6glichkeiten, sich f\u00fcr das Dampfen aktiv einzusetzen, \u00dcberregulierungen mit Mut zur Wut entgegenzutreten und die Freiheit der E-Zigarette zu sichern. Das Spektrum reicht vom Slacktivism bis zur Kampagnen-Orga, vom privaten Wirken bis zur politischen Aktion \u2013 f\u00fcr alle [&hellip;]<\/p>\n","protected":false},"author":3,"featured_media":8700,"comment_status":"closed","ping_status":"closed","sticky":false,"template":"","format":"standard","meta":{"footnotes":""},"categories":[6],"tags":[],"class_list":["post-8693","post","type-post","status-publish","format-standard","has-post-thumbnail","hentry","category-news"],"yoast_head":"<!-- This site is optimized with the Yoast SEO plugin v27.5 - https:\/\/yoast.com\/product\/yoast-seo-wordpress\/ -->\n<title>Wir machen Dampf! - LIQUID-NEWS<\/title>\n<meta name=\"description\" content=\"Jeden Mittwoch ver\u00f6ffentlichen wir an dieser Stelle Ideen und M\u00f6glichkeiten, sich f\u00fcr das Dampfen aktiv einzusetzen, \u00dcberregulierungen mit Mut zur Wut\" \/>\n<meta name=\"robots\" content=\"index, follow, max-snippet:-1, max-image-preview:large, max-video-preview:-1\" \/>\n<link rel=\"canonical\" href=\"https:\/\/liquid-news.com\/e-zigaretten\/wir-machen-dampf\/\" \/>\n<meta property=\"og:locale\" content=\"de_DE\" \/>\n<meta property=\"og:type\" content=\"article\" \/>\n<meta property=\"og:title\" content=\"Wir machen Dampf! - LIQUID-NEWS\" \/>\n<meta property=\"og:description\" content=\"Jeden Mittwoch ver\u00f6ffentlichen wir an dieser Stelle Ideen und M\u00f6glichkeiten, sich f\u00fcr das Dampfen aktiv einzusetzen, \u00dcberregulierungen mit Mut zur Wut\" \/>\n<meta property=\"og:url\" content=\"https:\/\/liquid-news.com\/e-zigaretten\/wir-machen-dampf\/\" \/>\n<meta property=\"og:site_name\" content=\"ezigaretten\" \/>\n<meta property=\"article:publisher\" content=\"https:\/\/www.facebook.com\/pages\/Liquid-News\/547479922011571\" \/>\n<meta property=\"article:author\" content=\"https:\/\/www.facebook.com\/pages\/Liquid-News\/547479922011571\" \/>\n<meta property=\"article:published_time\" content=\"2015-03-25T16:30:00+00:00\" \/>\n<meta property=\"article:modified_time\" content=\"2020-08-14T00:03:36+00:00\" \/>\n<meta property=\"og:image\" content=\"https:\/\/liquid-news.com\/e-zigaretten\/wp-content\/uploads\/2015\/03\/wir-machen-dampf.jpg\" \/>\n\t<meta property=\"og:image:width\" content=\"375\" \/>\n\t<meta property=\"og:image:height\" content=\"200\" \/>\n\t<meta property=\"og:image:type\" content=\"image\/jpeg\" \/>\n<meta name=\"author\" content=\"Sonia\" \/>\n<meta name=\"twitter:card\" content=\"summary_large_image\" \/>\n<meta name=\"twitter:creator\" content=\"@NewsLiquid\" \/>\n<meta name=\"twitter:site\" content=\"@LiquidNews\" \/>\n<meta name=\"twitter:label1\" content=\"Verfasst von\" \/>\n\t<meta name=\"twitter:data1\" content=\"Sonia\" \/>\n\t<meta name=\"twitter:label2\" content=\"Gesch\u00e4tzte Lesezeit\" \/>\n\t<meta name=\"twitter:data2\" content=\"3\u00a0Minuten\" \/>\n<script type=\"application\/ld+json\" class=\"yoast-schema-graph\">{\"@context\":\"https:\\\/\\\/schema.org\",\"@graph\":[{\"@type\":\"Article\",\"@id\":\"https:\\\/\\\/liquid-news.com\\\/e-zigaretten\\\/wir-machen-dampf\\\/#article\",\"isPartOf\":{\"@id\":\"https:\\\/\\\/liquid-news.com\\\/e-zigaretten\\\/wir-machen-dampf\\\/\"},\"author\":{\"name\":\"Sonia\",\"@id\":\"https:\\\/\\\/1ln.liquid-news.com\\\/e-zigaretten\\\/#\\\/schema\\\/person\\\/1c9f384ca223e16bb2099076bc889d9f\"},\"headline\":\"Wir machen Dampf!\",\"datePublished\":\"2015-03-25T16:30:00+00:00\",\"dateModified\":\"2020-08-14T00:03:36+00:00\",\"mainEntityOfPage\":{\"@id\":\"https:\\\/\\\/liquid-news.com\\\/e-zigaretten\\\/wir-machen-dampf\\\/\"},\"wordCount\":700,\"image\":{\"@id\":\"https:\\\/\\\/liquid-news.com\\\/e-zigaretten\\\/wir-machen-dampf\\\/#primaryimage\"},\"thumbnailUrl\":\"https:\\\/\\\/liquid-news.com\\\/e-zigaretten\\\/wp-content\\\/uploads\\\/2015\\\/03\\\/wir-machen-dampf.jpg\",\"articleSection\":[\"News\"],\"inLanguage\":\"de\"},{\"@type\":\"WebPage\",\"@id\":\"https:\\\/\\\/liquid-news.com\\\/e-zigaretten\\\/wir-machen-dampf\\\/\",\"url\":\"https:\\\/\\\/liquid-news.com\\\/e-zigaretten\\\/wir-machen-dampf\\\/\",\"name\":\"Wir machen Dampf! - LIQUID-NEWS\",\"isPartOf\":{\"@id\":\"https:\\\/\\\/1ln.liquid-news.com\\\/e-zigaretten\\\/#website\"},\"primaryImageOfPage\":{\"@id\":\"https:\\\/\\\/liquid-news.com\\\/e-zigaretten\\\/wir-machen-dampf\\\/#primaryimage\"},\"image\":{\"@id\":\"https:\\\/\\\/liquid-news.com\\\/e-zigaretten\\\/wir-machen-dampf\\\/#primaryimage\"},\"thumbnailUrl\":\"https:\\\/\\\/liquid-news.com\\\/e-zigaretten\\\/wp-content\\\/uploads\\\/2015\\\/03\\\/wir-machen-dampf.jpg\",\"datePublished\":\"2015-03-25T16:30:00+00:00\",\"dateModified\":\"2020-08-14T00:03:36+00:00\",\"author\":{\"@id\":\"https:\\\/\\\/1ln.liquid-news.com\\\/e-zigaretten\\\/#\\\/schema\\\/person\\\/1c9f384ca223e16bb2099076bc889d9f\"},\"description\":\"Jeden Mittwoch ver\u00f6ffentlichen wir an dieser Stelle Ideen und M\u00f6glichkeiten, sich f\u00fcr das Dampfen aktiv einzusetzen, \u00dcberregulierungen mit Mut zur Wut\",\"breadcrumb\":{\"@id\":\"https:\\\/\\\/liquid-news.com\\\/e-zigaretten\\\/wir-machen-dampf\\\/#breadcrumb\"},\"inLanguage\":\"de\",\"potentialAction\":[{\"@type\":\"ReadAction\",\"target\":[\"https:\\\/\\\/liquid-news.com\\\/e-zigaretten\\\/wir-machen-dampf\\\/\"]}]},{\"@type\":\"ImageObject\",\"inLanguage\":\"de\",\"@id\":\"https:\\\/\\\/liquid-news.com\\\/e-zigaretten\\\/wir-machen-dampf\\\/#primaryimage\",\"url\":\"https:\\\/\\\/liquid-news.com\\\/e-zigaretten\\\/wp-content\\\/uploads\\\/2015\\\/03\\\/wir-machen-dampf.jpg\",\"contentUrl\":\"https:\\\/\\\/liquid-news.com\\\/e-zigaretten\\\/wp-content\\\/uploads\\\/2015\\\/03\\\/wir-machen-dampf.jpg\",\"width\":375,\"height\":200,\"caption\":\"Wir machen Dampf!\"},{\"@type\":\"BreadcrumbList\",\"@id\":\"https:\\\/\\\/liquid-news.com\\\/e-zigaretten\\\/wir-machen-dampf\\\/#breadcrumb\",\"itemListElement\":[{\"@type\":\"ListItem\",\"position\":1,\"name\":\"Home\",\"item\":\"https:\\\/\\\/liquid-news.com\\\/e-zigaretten\\\/\"},{\"@type\":\"ListItem\",\"position\":2,\"name\":\"Wir machen Dampf!\"}]},{\"@type\":\"WebSite\",\"@id\":\"https:\\\/\\\/1ln.liquid-news.com\\\/e-zigaretten\\\/#website\",\"url\":\"https:\\\/\\\/1ln.liquid-news.com\\\/e-zigaretten\\\/\",\"name\":\"ezigaretten\",\"description\":\"Das Online Magazin f\u00fcr e-Zigaretten und Liquids\",\"potentialAction\":[{\"@type\":\"SearchAction\",\"target\":{\"@type\":\"EntryPoint\",\"urlTemplate\":\"https:\\\/\\\/1ln.liquid-news.com\\\/e-zigaretten\\\/?s={search_term_string}\"},\"query-input\":{\"@type\":\"PropertyValueSpecification\",\"valueRequired\":true,\"valueName\":\"search_term_string\"}}],\"inLanguage\":\"de\"},{\"@type\":\"Person\",\"@id\":\"https:\\\/\\\/1ln.liquid-news.com\\\/e-zigaretten\\\/#\\\/schema\\\/person\\\/1c9f384ca223e16bb2099076bc889d9f\",\"name\":\"Sonia\",\"sameAs\":[\"https:\\\/\\\/www.facebook.com\\\/pages\\\/Liquid-News\\\/547479922011571\",\"https:\\\/\\\/x.com\\\/NewsLiquid\"]}]}<\/script>\n<!-- \/ Yoast SEO plugin. -->","yoast_head_json":{"title":"Wir machen Dampf! - LIQUID-NEWS","description":"Jeden Mittwoch ver\u00f6ffentlichen wir an dieser Stelle Ideen und M\u00f6glichkeiten, sich f\u00fcr das Dampfen aktiv einzusetzen, \u00dcberregulierungen mit Mut zur Wut","robots":{"index":"index","follow":"follow","max-snippet":"max-snippet:-1","max-image-preview":"max-image-preview:large","max-video-preview":"max-video-preview:-1"},"canonical":"https:\/\/liquid-news.com\/e-zigaretten\/wir-machen-dampf\/","og_locale":"de_DE","og_type":"article","og_title":"Wir machen Dampf! - LIQUID-NEWS","og_description":"Jeden Mittwoch ver\u00f6ffentlichen wir an dieser Stelle Ideen und M\u00f6glichkeiten, sich f\u00fcr das Dampfen aktiv einzusetzen, \u00dcberregulierungen mit Mut zur Wut","og_url":"https:\/\/liquid-news.com\/e-zigaretten\/wir-machen-dampf\/","og_site_name":"ezigaretten","article_publisher":"https:\/\/www.facebook.com\/pages\/Liquid-News\/547479922011571","article_author":"https:\/\/www.facebook.com\/pages\/Liquid-News\/547479922011571","article_published_time":"2015-03-25T16:30:00+00:00","article_modified_time":"2020-08-14T00:03:36+00:00","og_image":[{"width":375,"height":200,"url":"https:\/\/liquid-news.com\/e-zigaretten\/wp-content\/uploads\/2015\/03\/wir-machen-dampf.jpg","type":"image\/jpeg"}],"author":"Sonia","twitter_card":"summary_large_image","twitter_creator":"@NewsLiquid","twitter_site":"@LiquidNews","twitter_misc":{"Verfasst von":"Sonia","Gesch\u00e4tzte Lesezeit":"3\u00a0Minuten"},"schema":{"@context":"https:\/\/schema.org","@graph":[{"@type":"Article","@id":"https:\/\/liquid-news.com\/e-zigaretten\/wir-machen-dampf\/#article","isPartOf":{"@id":"https:\/\/liquid-news.com\/e-zigaretten\/wir-machen-dampf\/"},"author":{"name":"Sonia","@id":"https:\/\/1ln.liquid-news.com\/e-zigaretten\/#\/schema\/person\/1c9f384ca223e16bb2099076bc889d9f"},"headline":"Wir machen Dampf!","datePublished":"2015-03-25T16:30:00+00:00","dateModified":"2020-08-14T00:03:36+00:00","mainEntityOfPage":{"@id":"https:\/\/liquid-news.com\/e-zigaretten\/wir-machen-dampf\/"},"wordCount":700,"image":{"@id":"https:\/\/liquid-news.com\/e-zigaretten\/wir-machen-dampf\/#primaryimage"},"thumbnailUrl":"https:\/\/liquid-news.com\/e-zigaretten\/wp-content\/uploads\/2015\/03\/wir-machen-dampf.jpg","articleSection":["News"],"inLanguage":"de"},{"@type":"WebPage","@id":"https:\/\/liquid-news.com\/e-zigaretten\/wir-machen-dampf\/","url":"https:\/\/liquid-news.com\/e-zigaretten\/wir-machen-dampf\/","name":"Wir machen Dampf! - LIQUID-NEWS","isPartOf":{"@id":"https:\/\/1ln.liquid-news.com\/e-zigaretten\/#website"},"primaryImageOfPage":{"@id":"https:\/\/liquid-news.com\/e-zigaretten\/wir-machen-dampf\/#primaryimage"},"image":{"@id":"https:\/\/liquid-news.com\/e-zigaretten\/wir-machen-dampf\/#primaryimage"},"thumbnailUrl":"https:\/\/liquid-news.com\/e-zigaretten\/wp-content\/uploads\/2015\/03\/wir-machen-dampf.jpg","datePublished":"2015-03-25T16:30:00+00:00","dateModified":"2020-08-14T00:03:36+00:00","author":{"@id":"https:\/\/1ln.liquid-news.com\/e-zigaretten\/#\/schema\/person\/1c9f384ca223e16bb2099076bc889d9f"},"description":"Jeden Mittwoch ver\u00f6ffentlichen wir an dieser Stelle Ideen und M\u00f6glichkeiten, sich f\u00fcr das Dampfen aktiv einzusetzen, \u00dcberregulierungen mit Mut zur Wut","breadcrumb":{"@id":"https:\/\/liquid-news.com\/e-zigaretten\/wir-machen-dampf\/#breadcrumb"},"inLanguage":"de","potentialAction":[{"@type":"ReadAction","target":["https:\/\/liquid-news.com\/e-zigaretten\/wir-machen-dampf\/"]}]},{"@type":"ImageObject","inLanguage":"de","@id":"https:\/\/liquid-news.com\/e-zigaretten\/wir-machen-dampf\/#primaryimage","url":"https:\/\/liquid-news.com\/e-zigaretten\/wp-content\/uploads\/2015\/03\/wir-machen-dampf.jpg","contentUrl":"https:\/\/liquid-news.com\/e-zigaretten\/wp-content\/uploads\/2015\/03\/wir-machen-dampf.jpg","width":375,"height":200,"caption":"Wir machen Dampf!"},{"@type":"BreadcrumbList","@id":"https:\/\/liquid-news.com\/e-zigaretten\/wir-machen-dampf\/#breadcrumb","itemListElement":[{"@type":"ListItem","position":1,"name":"Home","item":"https:\/\/liquid-news.com\/e-zigaretten\/"},{"@type":"ListItem","position":2,"name":"Wir machen Dampf!"}]},{"@type":"WebSite","@id":"https:\/\/1ln.liquid-news.com\/e-zigaretten\/#website","url":"https:\/\/1ln.liquid-news.com\/e-zigaretten\/","name":"ezigaretten","description":"Das Online Magazin f\u00fcr e-Zigaretten und Liquids","potentialAction":[{"@type":"SearchAction","target":{"@type":"EntryPoint","urlTemplate":"https:\/\/1ln.liquid-news.com\/e-zigaretten\/?s={search_term_string}"},"query-input":{"@type":"PropertyValueSpecification","valueRequired":true,"valueName":"search_term_string"}}],"inLanguage":"de"},{"@type":"Person","@id":"https:\/\/1ln.liquid-news.com\/e-zigaretten\/#\/schema\/person\/1c9f384ca223e16bb2099076bc889d9f","name":"Sonia","sameAs":["https:\/\/www.facebook.com\/pages\/Liquid-News\/547479922011571","https:\/\/x.com\/NewsLiquid"]}]}},"_links":{"self":[{"href":"https:\/\/liquid-news.com\/e-zigaretten\/wp-json\/wp\/v2\/posts\/8693","targetHints":{"allow":["GET"]}}],"collection":[{"href":"https:\/\/liquid-news.com\/e-zigaretten\/wp-json\/wp\/v2\/posts"}],"about":[{"href":"https:\/\/liquid-news.com\/e-zigaretten\/wp-json\/wp\/v2\/types\/post"}],"author":[{"embeddable":true,"href":"https:\/\/liquid-news.com\/e-zigaretten\/wp-json\/wp\/v2\/users\/3"}],"replies":[{"embeddable":true,"href":"https:\/\/liquid-news.com\/e-zigaretten\/wp-json\/wp\/v2\/comments?post=8693"}],"version-history":[{"count":0,"href":"https:\/\/liquid-news.com\/e-zigaretten\/wp-json\/wp\/v2\/posts\/8693\/revisions"}],"wp:featuredmedia":[{"embeddable":true,"href":"https:\/\/liquid-news.com\/e-zigaretten\/wp-json\/wp\/v2\/media\/8700"}],"wp:attachment":[{"href":"https:\/\/liquid-news.com\/e-zigaretten\/wp-json\/wp\/v2\/media?parent=8693"}],"wp:term":[{"taxonomy":"category","embeddable":true,"href":"https:\/\/liquid-news.com\/e-zigaretten\/wp-json\/wp\/v2\/categories?post=8693"},{"taxonomy":"post_tag","embeddable":true,"href":"https:\/\/liquid-news.com\/e-zigaretten\/wp-json\/wp\/v2\/tags?post=8693"}],"curies":[{"name":"wp","href":"https:\/\/api.w.org\/{rel}","templated":true}]}}